{"id":9651,"date":"2024-09-06T18:57:09","date_gmt":"2024-09-06T22:57:09","guid":{"rendered":"https:\/\/portal.globetrotter.media\/2024\/09\/06\/the-strange-case-of-the-persecution-of-daniel-jadue\/"},"modified":"2025-08-04T12:36:15","modified_gmt":"2025-08-04T16:36:15","slug":"vijay-prashad-o-estranho-caso-de-perseguicao-contra-daniel-jadue","status":"publish","type":"post","link":"https:\/\/portal.globetrotter.media\/pt-br\/2024\/09\/06\/vijay-prashad-o-estranho-caso-de-perseguicao-contra-daniel-jadue\/","title":{"rendered":"O estranho caso de persegui\u00e7\u00e3o contra Daniel Jadue"},"content":{"rendered":"<p>Daniel Jadue, ex-prefeito da Recoleta (uma parte de Santiago, Chile), abre a porta de sua modesta casa. J\u00e1 \u00e9 tarde da noite. Ele est\u00e1 mais hospitaleiro do que nunca, apesar de parecer cansado depois dos 91 dias de cativeiro no anexo da pris\u00e3o Capit\u00e1n Y\u00e1ber. Ele tenta pedir sushi, mas depois decide nos servir folhas de uva e outras iguarias \u00e1rabes variadas que remetem \u00e0 sua origem palestina. Sua sala de estar, onde estamos sentados, \u00e9 decorada com emblemas da luta palestina, com imagens do governo da Unidade Popular de Salvador Allende (1970-1973) e com uma s\u00e9rie de figuras da esquerda latino-americana.<\/p>\n<p>Era 4 de setembro, por isso tivemos um instante para refletir que esse foi o dia em que a coaliz\u00e3o de Allende venceu a elei\u00e7\u00e3o de 1970. Foi um momento importante. Muita coisa mudou no Chile desde aquele dia, com uma longa ditadura (1973-1990) liderada pelo General Augusto Pinochet definindo grande parte da cultura do pa\u00eds. Jadue est\u00e1 feliz por estar em casa, embora esteja em pris\u00e3o domiciliar. \u201cO que eu fazia na pris\u00e3o?\u201d, ele pergunta retoricamente em resposta \u00e0 minha pergunta. \u201cEu lia, lia muitos livros da \u00cdndia Antiga, como os Upanishads\u201d. Imagino Daniel em sua cela refletindo sobre a antiga frase em s\u00e2nscrito, <i>Sarve jana sukhino bhavantu<\/i>, ou \u201cQue as pessoas do mundo sejam felizes\u201d.<\/p>\n<p><b>Deten\u00e7\u00e3o preventiva<\/b><\/p>\n<p>Em 3 de junho, a ju\u00edza Paulina Moya determinou que Jadue deveria ser mantido em deten\u00e7\u00e3o preventiva por 120 dias devido \u00e0s acusa\u00e7\u00f5es de seu papel no que foi chamado de \u201cCaso Farm\u00e1cias Populares\u201d. As autoridades do Chile come\u00e7aram a investigar esse caso h\u00e1 tr\u00eas anos, em 2021, com base em uma den\u00fancia feita pela empresa Best Quality Products, que disse ter fornecido suprimentos m\u00e9dicos para a Associa\u00e7\u00e3o Chilena de Munic\u00edpios com Farm\u00e1cias Populares (Achifarp). A Best Quality disse que havia recebido parte do dinheiro que lhe era devido e que havia um milh\u00e3o de d\u00f3lares pendentes. Ap\u00f3s uma s\u00e9rie de recursos aos tribunais por ambas as partes, a Best Quality decidiu retomar o fornecimento porque, como<a href=\"https:\/\/u36605228.ct.sendgrid.net\/ls\/click?upn=u001.irwnA1ZB8N-2BHNL3jUmYY-2BI3cnO8EPhqBbT-2BvOyj3Iw1fMS2HloAxW0ZxJB7M-2BLu7h-2FCzLgCSVi4acpLObSINonJiWZqe2LJs0SzW3BYLE0oul4i0k-2FkbGTqus1ib9LzMR-2Fumdqd3KX-2Fg0yph8Wae6g3jSmVgZSXc4Z46qG65PSg-3DD1FS_zOZSzzGDw-2ByKomNHOGl7cy8WBVe3T61v6mgXF-2BwlQ8NQd4GfWD1M-2Fo-2B-2FTWxMtGTJ3oZxftCoBdZgVMHN7T-2B8vFynCXElFySP430WuOpteqv6tRH-2BtiEm4fMsc41lT7Q8Z3lsIK5PwLPmr9IXjcHpO4hL0W3y57lMzALJMWUf6At6B7XejHV1uScOQr69Wo8foykkWUBqKT6Ahs3CD807-2BWVZb9etMWxnlIjiQ-2BJdCvTAsbE5Omz3xuiOZVUWckSietSWfyVYbjxVI-2BOAMvSTE444RitcI5W5NUIYDO-2Fqy5jbJ5PjGrQs1bB-2BBdOyrr64FRzT5DakSx9xuSodk9LyVk8auTbaI2WWQ8VAx7JwakllhWIHa50SuYZyzsubQE7tYYEKXidsv3ZBGEfo6d9NL5s-2Fup-2FriWlGrGb5IqqZVqsaXMNc9RmwLZGOWxxKyrN6W8pmI13iHswwrfRfQVj5CFA-2BGV9-2BlmW7vJepNqP9Uw56pcczwaieKwIGkDlkPIzbZgpvKyYM9QbsAjHXTF-2Bv1vVRIKtsC2BagKOaLYFQMenLnGsqutWUCD4hc0JRPuUESwqhN2sYCw0SAtTKb3QLWQGI7EAa7NcBLHy5JKNwVRr-2BLgl38EE-2BIVIZXuIiZctdQuA2U42VTVNrXibw2US-2BnhwtY80Ab7gvsHD-2F9Nj-2FNtrETeu2YyPJ6qJdV-2FYHcQdkyxfEcmxamd-2Fn-2BMRqzj6-2FHtKyl110zRms19pX7AQysRMOjkw2qkz-2Fh-2BD9msyEnVnfQSNHUy3bk1-2BYgZ7ZqSgMGxElLifkIeO42o5e8KROaf-2FFr0IKhxGUgiS1MaGBmceJ\"> disse<\/a> seu advogado Mario Vargas em 2022, \u201ctodos n\u00f3s reconhecemos o papel social que as farm\u00e1cias populares t\u00eam desempenhado\u201d.<\/p>\n<p>Quando Daniel Jadue compareceu perante a ju\u00edza Molina em 2024 (um ano depois que o promotor apresentou acusa\u00e7\u00f5es contra ele), ela o condenou \u00e0 pris\u00e3o n\u00e3o porque ele tivesse sido considerado culpado de qualquer crime. Ele teve de ir para a pris\u00e3o porque uma investiga\u00e7\u00e3o que o inclu\u00eda prosseguia, na qual o promotor estadual examinava os registros de fraude fiscal, suborno e uso indevido de seu cargo de prefeito. O juiz Moya<a href=\"https:\/\/u36605228.ct.sendgrid.net\/ls\/click?upn=u001.irwnA1ZB8N-2BHNL3jUmYY-2BGP2z2vv2iydR8G4s9tt6BeO-2Btvb3y8T7WzyHTYx6W-2FzCDi1mAdfApGSst93S0uRqBK7nqYeK-2Br9aXad6bFHo-2FqvZWLIDeXRz-2B89rrNeBXujyyAHFLbiiBPcTKVMsNeRr7Iy08b1-2Fwey3Rk-2F8rnC2KVyuKsfrca-2BlbwR7wAWsYwflLbu_zOZSzzGDw-2ByKomNHOGl7cy8WBVe3T61v6mgXF-2BwlQ8NQd4GfWD1M-2Fo-2B-2FTWxMtGTJ3oZxftCoBdZgVMHN7T-2B8vFynCXElFySP430WuOpteqv6tRH-2BtiEm4fMsc41lT7Q8Z3lsIK5PwLPmr9IXjcHpO4hL0W3y57lMzALJMWUf6At6B7XejHV1uScOQr69Wo8foykkWUBqKT6Ahs3CD807-2BWVZb9etMWxnlIjiQ-2BJdCvTAsbE5Omz3xuiOZVUWckSietSWfyVYbjxVI-2BOAMvSTE444RitcI5W5NUIYDO-2Fqy5jbJ5PjGrQs1bB-2BBdOyrr64FRzT5DakSx9xuSodk9LyVk8auTbaI2WWQ8VAx7JwakllhWIHa50SuYZyzsubQE7tYYEKXidsv3ZBGEfo6d9NL5s-2Fup-2FriWlGrGb5IqqZVqsaXMNc9RmwLZGOWxxKyrN6W8pmI13iHswwrfRfQVj5CFA-2BGV9-2BlmW7vJepNqP9Uw56pcczwaieKwIGkDlkPIzbZgpvKyYM9QbsAjHXTF-2Bv1vVRIKtsC2BagKOaLYFQMenLnGsqutWUCD4hc0JRPuUESwqhN2sYCw0SAtTKb3QLWQGI7EAa7NcBLHy5JKNwVRoIPHc9NbPJMt7crrsBUTpyg-2BzrWUBkY4Rh7OCawnqIGhsChDcZPKP40DXuu8URZdK5xTzuUZPim86O6ic-2F-2Fvl6rSbuSTSrgVvXZz2VByo37jPAX-2Bd-2FnbUaOtnnPLhqimpkTVjB7yZa8o35aa-2F9NR-2BFbmayU2i2n52ea2XvLehaypC-2BC-2BIbjaxj2YoRtq1GfPj2f82pNmSNDG-2BxlUsaibJV\"> disse<\/a> que a \u201cliberdade de Jadue \u00e9 perigosa para a seguran\u00e7a da sociedade\u201d, n\u00e3o porque havia provas de que ele havia cometido um crime, mas porque <i>se<\/i> ele fosse culpado, como prefeito ele <i>poderia<\/i> continuar a cometer tais crimes. Jadue<a href=\"https:\/\/u36605228.ct.sendgrid.net\/ls\/click?upn=u001.irwnA1ZB8N-2BHNL3jUmYY-2BFwTbKs7yTYuPKQaxfAuoRchdT9BpEOu9qjA6j5Xw-2FIDekPsHmoJ6tlnFXnMdZDOigxiRNJSTiGe-2BOV4NiyKq7k-3Dd9Pb_zOZSzzGDw-2ByKomNHOGl7cy8WBVe3T61v6mgXF-2BwlQ8NQd4GfWD1M-2Fo-2B-2FTWxMtGTJ3oZxftCoBdZgVMHN7T-2B8vFynCXElFySP430WuOpteqv6tRH-2BtiEm4fMsc41lT7Q8Z3lsIK5PwLPmr9IXjcHpO4hL0W3y57lMzALJMWUf6At6B7XejHV1uScOQr69Wo8foykkWUBqKT6Ahs3CD807-2BWVZb9etMWxnlIjiQ-2BJdCvTAsbE5Omz3xuiOZVUWckSietSWfyVYbjxVI-2BOAMvSTE444RitcI5W5NUIYDO-2Fqy5jbJ5PjGrQs1bB-2BBdOyrr64FRzT5DakSx9xuSodk9LyVk8auTbaI2WWQ8VAx7JwakllhWIHa50SuYZyzsubQE7tYYEKXidsv3ZBGEfo6d9NL5s-2Fup-2FriWlGrGb5IqqZVqsaXMNc9RmwLZGOWxxKyrN6W8pmI13iHswwrfRfQVj5CFA-2BGV9-2BlmW7vJepNqP9Uw56pcczwaieKwIGkDlkPIzbZgpvKyYM9QbsAjHXTF-2Bv1vVRIKtsC2BagKOaLYFQMenLnGsqutWUCD4hc0JRPuUESwqhN2sYCw0SAtTKb3QLWQGI7EAa7NcBLHy5JKNwVRr65hepuUHdofUyumJivL41GkBtMNsm6YUBJFbyaB7hCskJRCFVhdZZkREJR719zhFcRIIeHoAru-2Bpn8O2Z1bn128VDOv0apmZ3J-2BDX-2FBp-2FSNpLp663dztnarMe2AGE-2Fe1hJMDazFysCXkj5ml8-2FfUEic-2FdaH6ENyGruMruJzStZnR-2FvT9CFoyZUpUJUg4WINV-2Frs6MKnGxrN-2BhucMZu6vl\"> respondeu<\/a> no X que estava sendo julgado por seu papel como prefeito e presidente da Achifarp e n\u00e3o por qualquer corrup\u00e7\u00e3o pessoal (\u201cn\u00e3o h\u00e1 um centavo no meu bolso\u201d). No entanto, apesar dessa acusa\u00e7\u00e3o limitada contra ele, o Tribunal o condenou ao per\u00edodo m\u00e1ximo poss\u00edvel de pris\u00e3o preventiva.<\/p>\n<p><b>O povo acima do lucro<\/b><\/p>\n<p>Daniel Jadue venceu a elei\u00e7\u00e3o para prefeito da Recoleta primeiro em 2012, e depois foi reeleito tr\u00eas vezes. Quando concorreu nas prim\u00e1rias durante a campanha presidencial de 2021, ele obteve 40% dos votos. A confian\u00e7a do povo em Jadue vem de sua promessa de revitalizar os servi\u00e7os p\u00fablicos no Chile e de suas a\u00e7\u00f5es durante sua prefeitura exatamente nesse sentido. Desde o golpe contra Allende em 1973, o Chile tem sido um laborat\u00f3rio para as pol\u00edticas neoliberais, com o setor privado absorvendo as atribui\u00e7\u00f5es p\u00fablicas, da educa\u00e7\u00e3o \u00e0 sa\u00fade. Esse setor obteve lucros imensos com a presta\u00e7\u00e3o desses servi\u00e7os. Por exemplo, tr\u00eas fornecedores farmac\u00eauticos (Cruz Verde, Salcobrand e Farmacias Ahumada) controlam quase todo o fornecimento de medicamentos para a rede de farm\u00e1cias de controle privado no pa\u00eds. Eles t\u00eam sido multados<a href=\"https:\/\/u36605228.ct.sendgrid.net\/ls\/click?upn=u001.irwnA1ZB8N-2BHNL3jUmYY-2BJmIHo8-2FjV3x-2BGtT9g22mw4Pm6UwCkoZ8c-2BodD9GSy8kIPG-2FcXg4BIkXyIDUWSnQENtpi2Lh88anCszkQ4GQRZYo2QltWOAlG-2BCMBE7n42x9-2FspgVQ-2BSIIM27hI0rBpbr4hqh1blDOqyt8mrNLmRG8DZmGdxbhiNz6-2BxwA7-2FdtLXnqInqfE3e059tRNxSoHxQA-3D-3D9fbW_zOZSzzGDw-2ByKomNHOGl7cy8WBVe3T61v6mgXF-2BwlQ8NQd4GfWD1M-2Fo-2B-2FTWxMtGTJ3oZxftCoBdZgVMHN7T-2B8vFynCXElFySP430WuOpteqv6tRH-2BtiEm4fMsc41lT7Q8Z3lsIK5PwLPmr9IXjcHpO4hL0W3y57lMzALJMWUf6At6B7XejHV1uScOQr69Wo8foykkWUBqKT6Ahs3CD807-2BWVZb9etMWxnlIjiQ-2BJdCvTAsbE5Omz3xuiOZVUWckSietSWfyVYbjxVI-2BOAMvSTE444RitcI5W5NUIYDO-2Fqy5jbJ5PjGrQs1bB-2BBdOyrr64FRzT5DakSx9xuSodk9LyVk8auTbaI2WWQ8VAx7JwakllhWIHa50SuYZyzsubQE7tYYEKXidsv3ZBGEfo6d9NL5s-2Fup-2FriWlGrGb5IqqZVqsaXMNc9RmwLZGOWxxKyrN6W8pmI13iHswwrfRfQVj5CFA-2BGV9-2BlmW7vJepNqP9Uw56pcczwaieKwIGkDlkPIzbZgpvKyYM9QbsAjHXTF-2Bv1vVRIKtsC2BagKOaLYFQMenLnGsqutWUCD4hc0JRPuUESwqhN2sYCw0SAtTKb3QLWQGI7EAa7NcBLHy5JKNwVRp-2B735bX1sNP5y6RRbTathp-2BEl-2BLsyBjCqpzzX6sEyO7lKb1Askspqb8eu7nIpErUfaO4qwZW1g-2B6XnSbIPoxSCq66ahRP-2Fxs-2B0sjhi5hXKVGJNfCZccz7-2BwhgN-2BLFXtLQHGdv64e5Sgr3ELLzsRBWmMIylGvOkjPmZwuboXr-2FOp-2Bhkdl4ranSjQ-2F8didxpHGAQVDUGGGft7OSW44ubSoNX\"> com frequ\u00eancia<\/a> por conluio e fixa\u00e7\u00e3o de pre\u00e7os. O resultado desse \u00faltimo \u00e9 a infla\u00e7\u00e3o nos pre\u00e7os dos medicamentos b\u00e1sicos, que consome os bolsos das massas. A promessa de reverter essa situa\u00e7\u00e3o enfrenta um obst\u00e1culo do lobby farmac\u00eautico e aumenta as esperan\u00e7as das pessoas que gostariam de ver um melhor controle dos pre\u00e7os. O lobby farmac\u00eautico havia sufocado qualquer enfrentamento pol\u00edtico a si at\u00e9 o surgimento de Jadue em Recoleta.<\/p>\n<p>Quando <a href=\"https:\/\/mondoweiss.net\/2021\/06\/daniel-jadue-is-the-palestinian-candidate-for-chiles-presidency\/\">entrevistei<\/a> Jadue pela primeira vez em 2021, ele me contou como decidiu criar uma rede de institui\u00e7\u00f5es de pequeno porte para iniciar uma experi\u00eancia em Recoleta. Em 2016, a cidade interrompeu um contrato com a empresa privada Servitrans para servi\u00e7os de limpeza e criou a Jatu Newen, uma cooperativa de faxineiros. Dois anos depois, o munic\u00edpio criou uma \u201cAg\u00eancia Imobili\u00e1ria Popular\u201d, que planejava instalar 38 fam\u00edlias da classe trabalhadora em um pr\u00e9dio com apartamentos de tr\u00eas quartos e depois expandir o projeto gradualmente para acabar com a falta de moradia em Recoleta. Contra a mar\u00e9 das universidades privadas, o munic\u00edpio criou a Universidade Aberta de Recoleta em 2018 para disponibilizar educa\u00e7\u00e3o para os alunos mais pobres. Por fim, em 2015, a prefeitura criou uma farm\u00e1cia popular \u2013 batizada com o nome do estudante de farm\u00e1cia e militante comunista Ricardo Silva Soto, morto pela ditadura em 1987 em Recoleta \u2013 para fornecer medicamentos a pre\u00e7os razo\u00e1veis. Esse projeto de farm\u00e1cia se expandiu e passou a incluir \u00f3ticas e depois uma livraria e uma loja de m\u00fasica. A biblioteca popular recebeu o nome de Pedro Lemebel, o escritor comunista gay que morreu em 2015. Todo o projeto realizado em Recoleta tinha como premissa colocar as pessoas acima do lucro.<\/p>\n<p>Jadue decidiu se candidatar \u00e0 presid\u00eancia em 2021 para tentar combinar a energia ut\u00f3pica das revoltas populares de 2011 e 2019 por melhores servi\u00e7os p\u00fablicos e um Chile diferente com as pr\u00e1ticas concretas de Recoleta. O experimento realizado em Recoleta, em outras palavras, proporcionou a possibilidade real de atender aos desejos de grande parte do povo chileno, que n\u00e3o queria continuar com uma estrutura pol\u00edtica que recompensa grandes corpora\u00e7\u00f5es privadas e imp\u00f5e austeridade aos trabalhadores. \u201cEssa \u00e9 minha esperan\u00e7a\u201d, disse-me Jadue em 2021. \u201cAs aspira\u00e7\u00f5es do povo do Chile podem ser atendidas. Mostramos isso em pequena escala em Recoleta. Foi no Chile que nasceu o neoliberalismo. Devemos enterr\u00e1-lo no Chile\u201d.<\/p>\n<p><b>Punido por desobedi\u00eancia<\/b><\/p>\n<p>\u201cEstou sendo punido n\u00e3o por qualquer crime que tenha cometido\u201d, disse-me Jadue em 4 de setembro de 2024. \u201cEstou sendo punido por ser desobediente, por ser contra o consenso neoliberal no Chile\u201d. A quest\u00e3o fundamental neste caso \u00e9 o projeto da farm\u00e1cia. Ap\u00f3s a abertura da farm\u00e1cia Ricardo Silva Soto, a ideia de farm\u00e1cias populares se espalhou por todo o Chile. Atualmente, cerca de 190 munic\u00edpios t\u00eam algum tipo de farm\u00e1cia popular. A associa\u00e7\u00e3o Achifarp, que Jadue liderou por um tempo, \u00e9 o resultado da dissemina\u00e7\u00e3o dessas farm\u00e1cias populares. A exist\u00eancia desse processo colocou press\u00e3o n\u00e3o apenas sobre o amplo espectro de social-democratas do Chile, mas tamb\u00e9m sobre a direita tradicional. O ent\u00e3o presidente Sebasti\u00e1n Pi\u00f1era, por exemplo, teve que permitir que a Lei de Medicamentos II fosse redigida e aprovada pelo legislativo, o que come\u00e7aria a regular a grande ind\u00fastria farmac\u00eautica, e ele <a href=\"https:\/\/chiletoday.cl\/chile-launches-website-to-compare-medicine-prices\/\">inaugurou<\/a> um site em 2018 (Tu Farmacia) que permitiria que as pessoas comparassem os pre\u00e7os dos medicamentos. Uma nova din\u00e2mica havia surgido no Chile. Foi essa din\u00e2mica que provocou a campanha contra Jadue.<\/p>\n<p>Durante o per\u00edodo em que esteve detido, Jadue foi destitu\u00eddo de seu cargo de prefeito (seu substituto \u00e9 Fares Jadue, que n\u00e3o \u00e9 seu parente, mas tamb\u00e9m \u00e9 membro do Partido Comunista). Como ele n\u00e3o era mais prefeito, a base para a pris\u00e3o preventiva de Jadue desapareceu. A ju\u00edza Paula Brito, portanto, aceitou o pedido de defesa de Jadue, e ele foi transferido para pris\u00e3o domiciliar. Mas ela n\u00e3o parou por a\u00ed. Ela repreendeu as autoridades por terem tomado a medida extrema de encarcer\u00e1-lo por 91 dias (uma decis\u00e3o estranha das autoridades, j\u00e1 que Jadue havia colaborado com o promotor de boa f\u00e9 desde o in\u00edcio do caso).<\/p>\n<p>O caso ainda n\u00e3o terminou. \u201cQuero lutar contra o processo\u201d, disse-me Jadue. \u201cSerei vingado. O projeto das farm\u00e1cias populares ser\u00e1 defendido. N\u00e3o permitiremos que nos punam porque desobedecemos ao consenso neoliberal\u201d.<\/p>\n","protected":false},"excerpt":{"rendered":"<p>Daniel Jadue, ex-prefeito da Recoleta (uma parte de Santiago, Chile), abre a porta de sua modesta casa. J\u00e1 \u00e9 tarde da noite. Ele est\u00e1 mais hospitaleiro do que nunca, apesar de parecer cansado depois dos 91 dias de cativeiro no anexo da pris\u00e3o Capit\u00e1n Y\u00e1ber. Ele tenta pedir sushi, mas depois decide nos servir folhas [&hellip;]<\/p>\n","protected":false},"author":31,"featured_media":0,"comment_status":"closed","ping_status":"closed","sticky":false,"template":"","format":"standard","meta":{"_acf_changed":false,"footnotes":""},"categories":[348],"tags":[],"article-type":[625],"class_list":["post-9651","post","type-post","status-publish","format-standard","hentry","category-globetrotter-pt-br","article-type-opinion-analysis-pt-br"],"acf":[],"_links":{"self":[{"href":"https:\/\/portal.globetrotter.media\/pt-br\/wp-json\/wp\/v2\/posts\/9651","targetHints":{"allow":["GET"]}}],"collection":[{"href":"https:\/\/portal.globetrotter.media\/pt-br\/wp-json\/wp\/v2\/posts"}],"about":[{"href":"https:\/\/portal.globetrotter.media\/pt-br\/wp-json\/wp\/v2\/types\/post"}],"author":[{"embeddable":true,"href":"https:\/\/portal.globetrotter.media\/pt-br\/wp-json\/wp\/v2\/users\/31"}],"replies":[{"embeddable":true,"href":"https:\/\/portal.globetrotter.media\/pt-br\/wp-json\/wp\/v2\/comments?post=9651"}],"version-history":[{"count":0,"href":"https:\/\/portal.globetrotter.media\/pt-br\/wp-json\/wp\/v2\/posts\/9651\/revisions"}],"wp:attachment":[{"href":"https:\/\/portal.globetrotter.media\/pt-br\/wp-json\/wp\/v2\/media?parent=9651"}],"wp:term":[{"taxonomy":"category","embeddable":true,"href":"https:\/\/portal.globetrotter.media\/pt-br\/wp-json\/wp\/v2\/categories?post=9651"},{"taxonomy":"post_tag","embeddable":true,"href":"https:\/\/portal.globetrotter.media\/pt-br\/wp-json\/wp\/v2\/tags?post=9651"},{"taxonomy":"article-type","embeddable":true,"href":"https:\/\/portal.globetrotter.media\/pt-br\/wp-json\/wp\/v2\/article-type?post=9651"}],"curies":[{"name":"wp","href":"https:\/\/api.w.org\/{rel}","templated":true}]}}