{"id":9619,"date":"2024-09-06T18:57:09","date_gmt":"2024-09-06T22:57:09","guid":{"rendered":"https:\/\/portal.globetrotter.media\/2024\/09\/06\/the-strange-case-of-the-persecution-of-daniel-jadue\/"},"modified":"2024-09-10T12:43:13","modified_gmt":"2024-09-10T16:43:13","slug":"el-extrano-caso-de-la-persecucion-a-daniel-jadue","status":"publish","type":"post","link":"https:\/\/portal.globetrotter.media\/es\/2024\/09\/06\/el-extrano-caso-de-la-persecucion-a-daniel-jadue\/","title":{"rendered":"El extra\u00f1o caso de la persecuci\u00f3n a Daniel Jadue"},"content":{"rendered":"<p>Daniel Jadue, ex alcalde de Recoleta (una comuna de Santiago de Chile), abre la puerta de su modesta casa. Es tarde. Se muestra tan hospitalario como siempre, a pesar de que se ve cansado tras sus 91 d\u00edas de cautiverio en el anexo penitenciario Capit\u00e1n Y\u00e1ber. Intenta pedirnos sushi pero luego decide servirnos unas hojas de parra y otras delicias \u00e1rabes que hacen eco de su origen palestino. Su sala, donde estamos sentados, est\u00e1 decorada con emblemas de la lucha palestina, recuerdos del Gobierno de la Unidad Popular de Salvador Allende (1970-1973) y retratos de diversas figuras de la izquierda latinoamericana.<\/p>\n<p>Era 4 de septiembre, el d\u00eda en que la coalici\u00f3n de Allende gan\u00f3 las elecciones de 1970. Nos tomamos un tiempo para reflexionar sobre esto. Fue un momento sobrio. Mucho ha cambiado Chile desde aquel d\u00eda, tras la larga dictadura dirigida por el general Augusto Pinochet (1973-1990) que defini\u00f3 gran parte de la cultura del pa\u00eds. Jadue est\u00e1 feliz de estar en casa, aunque se encuentre bajo arresto domiciliario. \u201c\u00bfQu\u00e9 hice en la c\u00e1rcel?\u201d, pregunta ret\u00f3ricamente en respuesta a mi pregunta. \u201cLe\u00ed, le\u00ed muchos libros de la antigua India como los Upanishads\u201d. Imagino a Daniel en su celda reflexionando sobre la antigua frase s\u00e1nscrita, Sarve jana sukhino bhavantu, o \u201cQue la gente del mundo sea feliz\u201d.<\/p>\n<p><b>Prisi\u00f3n preventiva<\/b><\/p>\n<p>El 3 de junio, la jueza Paulina Moya dictamin\u00f3 que Jadue deb\u00eda permanecer en prisi\u00f3n preventiva durante 120 d\u00edas por las acusaciones sobre su rol en lo que se ha denominado el \u201cCaso Farmacias Populares\u201d. Las autoridades de Chile comenzaron a investigar este caso hace tres a\u00f1os, en 2021, a partir de una denuncia presentada por la empresa Best Quality Products, que afirm\u00f3 haber suministrado insumos m\u00e9dicos a la Asociaci\u00f3n Chilena de Municipalidades con Farmacias Populares (Achifarp). Best Quality dijo que se le hab\u00eda pagado parte del dinero que se le deb\u00eda y que hab\u00eda un mill\u00f3n de d\u00f3lares en mora. Tras una serie de apelaciones a los tribunales por ambas partes, Best Quality decidi\u00f3 reanudar los suministros porque \u2013 como <a href=\"https:\/\/www.cnnchile.com\/lodijeronencnn\/abogado-empresa-juicio-farmacias-populares-acuerdo-pago-deuda_20220331\/\">dijo<\/a> su abogado Mario Vargas en 2022 \u2013 \u201ctodos reconocemos el papel social que han desempe\u00f1ado las farmacias populares\u201d.<\/p>\n<p>Cuando Daniel Jadue compareci\u00f3 ante la jueza Molina en 2024 (un a\u00f1o despu\u00e9s de que el fiscal presentara cargos contra \u00e9l), \u00e9sta le conden\u00f3 a prisi\u00f3n no porque se le hubiera declarado culpable de ning\u00fan delito. Tuvo que ir a prisi\u00f3n por una investigaci\u00f3n que continuaba y que le inclu\u00eda, en la que el fiscal del Estado escudri\u00f1aba los registros de fraude fiscal, soborno y uso indebido de su cargo de alcalde. El juez Moya <a href=\"https:\/\/elpais.com\/chile\/2024-06-03\/caso-farmacias-populares-prision-preventiva-para-daniel-jadue-alcalde-comunista-de-recoleta.html\">dijo<\/a> que la \u201clibertad de Jadue es peligrosa para la seguridad de la sociedad\u201d no porque hubiera pruebas de que hubiera cometido un delito, sino porque si hubiera sido culpable, como alcalde podr\u00eda seguir cometiendo esos delitos. Jadue <a href=\"https:\/\/x.com\/danieljadue\/status\/1797630953923502565?lang=en\">respondi\u00f3<\/a> en X que se le juzgaba por su papel como alcalde y presidente de Achifarp y no por ninguna corrupci\u00f3n personal (\u201cno tengo ni un c\u00e9ntimo en el bolsillo\u201d). Sin embargo, a pesar de esta limitada acusaci\u00f3n contra \u00e9l, el Tribunal le conden\u00f3 al m\u00e1ximo periodo posible en prisi\u00f3n preventiva.<\/p>\n<p><b>Las gente antes que la ganancia<\/b><\/p>\n<p>En 2012, Daniel Jadue gan\u00f3 por primera vez la elecci\u00f3n para convertirse en alcalde de Recoleta. Luego gan\u00f3 la reelecci\u00f3n tres veces m\u00e1s. Cuando se present\u00f3 a las primarias durante la campa\u00f1a presidencial de 2021, se asegur\u00f3 el 40% de los votos. La fe de la gente en Jadue nace de su promesa de reactivar los servicios p\u00fablicos en Chile y de sus acciones durante su alcald\u00eda para hacer precisamente eso. Desde el Golpe contra Allende en 1973, Chile ha sido un laboratorio para las pol\u00edticas neoliberales, con el sector privado capaz de absorber las funciones p\u00fablicas, desde la educaci\u00f3n a la sanidad. Ha obtenido inmensos beneficios de la prestaci\u00f3n de estos servicios. Como ejemplo, tres proveedores farmac\u00e9uticos (Cruz Verde, Salcobrand y Farmacias Ahumada) controlan casi todo el suministro de medicamentos en la red de farmacias privadas del pa\u00eds. Con <a href=\"https:\/\/www.tdlc.cl\/tdlc-condena-a-farmacias-cruz-verde-s-a-y-salcobrand-s-a-por-colusion-en-el-mercado-de-distribuion-de-productos-farmaceuticos\/\">frecuencia<\/a> han sido multados por colusi\u00f3n y fijaci\u00f3n de precios. El resultado de esto \u00faltimo es una inflaci\u00f3n de los precios de los medicamentos b\u00e1sicos que se come los presupuestos de las masas. La promesa de revertir esa situaci\u00f3n se enfrenta a un desaf\u00edo del lobby farmac\u00e9utico y suscita las esperanzas de la gente que desear\u00eda ver un mejor control de los precios. El lobby farmac\u00e9utico hab\u00eda sofocado cualquier desaf\u00edo pol\u00edtico hasta que apareci\u00f3 Jadue en Recoleta.<\/p>\n<p>Cuando <a href=\"https:\/\/mondoweiss.net\/2021\/06\/daniel-jadue-is-the-palestinian-candidate-for-chiles-presidency\/\">entrevist\u00e9<\/a> a Jadue por primera vez en 2021, me cont\u00f3 c\u00f3mo decidi\u00f3 crear una red de instituciones a peque\u00f1a escala para iniciar un experimento en Recoleta. En 2016, la comuna puso fin a un contrato con la empresa privada Servitrans para los servicios de limpieza y cre\u00f3 Jatu Newen, una cooperativa de limpiadores. Dos a\u00f1os despu\u00e9s, la municipalidad cre\u00f3 una \u201cInmobiliaria Popular\u201d, que planeaba asentar a 38 familias de clase trabajadora en un edificio con apartamentos de tres dormitorios y luego ampliar el proyecto gradualmente para acabar con la falta de vivienda en Recoleta. A contracorriente de las universidades privadas, el municipio cre\u00f3 en 2018 la Universidad Abierta de Recoleta para poner la educaci\u00f3n al alcance de los estudiantes menos privilegiados. Por \u00faltimo, en 2015, el municipio puso en marcha una farmacia popular \u2013 bautizada con el nombre del estudiante de farmacia y militante comunista Ricardo Silva Soto, asesinado por la dictadura en 1987 en Recoleta \u2013 para suministrar medicamentos a precios razonables. Este proyecto de farmacia se ampli\u00f3 para incluir \u00f3pticas y luego una librer\u00eda y una tienda de m\u00fasica. La biblioteca popular lleva el nombre de Pedro Lemebel, el escritor comunista gay fallecido en 2015. Todo el proyecto de Recoleta se basaba en poner primera a las personas al af\u00e1n de lucro.<\/p>\n<p>Jadue decidi\u00f3 presentarse a las elecciones presidenciales de 2021 para intentar combinar la energ\u00eda ut\u00f3pica de los levantamientos populares de 2011 y 2019 por unos mejores servicios p\u00fablicos y un Chile diferente con las pr\u00e1cticas concretas de la Recoleta. El experimento de Recoleta, en otras palabras, proporcion\u00f3 la posibilidad real de satisfacer los deseos de amplios sectores del pueblo chileno que no quer\u00edan continuar con un marco pol\u00edtico que recompensa a las grandes empresas privadas e impone la austeridad a los trabajadores. \u201cEsta es mi esperanza\u201d, me dijo Jadue en 2021. \u201cLas aspiraciones del pueblo de Chile pueden cumplirse. Lo hemos demostrado a peque\u00f1a escala en Recoleta. Fue en Chile donde naci\u00f3 el neoliberalismo. Debemos enterrarlo en Chile\u201d.<\/p>\n<p><b>Castigado por desobediencia<\/b><\/p>\n<p>\u201cNo me est\u00e1n castigando por ning\u00fan delito que haya cometido\u201d, me dijo Jadue el 4 de septiembre de 2024. \u201cEstoy siendo castigado por ser desobediente, por estar en contra del consenso neoliberal en Chile\u201d. La cuesti\u00f3n clave aqu\u00ed es el proyecto de las farmacias. Tras la apertura de la farmacia popular Ricardo Silva Soto, la idea de las farmacias populares se extendi\u00f3 por todo Chile. Ahora, unos 190 municipios cuentan con alg\u00fan tipo de farmacia popular. La asociaci\u00f3n Achifarp que Jadue dirigi\u00f3 durante un tiempo es el resultado de la difusi\u00f3n de estas farmacias populares. La existencia de este proceso presion\u00f3 no s\u00f3lo al amplio espectro socialdem\u00f3crata de Chile, sino tambi\u00e9n a la derecha dura. El entonces presidente Sebasti\u00e1n Pi\u00f1era, por ejemplo, tuvo que permitir que se redactara y tramitara en la legislatura la Ley de F\u00e1rmacos II, que empezar\u00eda a regular a las grandes farmac\u00e9uticas, e <a href=\"https:\/\/chiletoday.cl\/chile-launches-website-to-compare-medicine-prices\/\">inaugur\u00f3<\/a> en 2018 un sitio web (\u201cTu Farmacia\u201d) que permitir\u00eda a la gente comparar los precios de los medicamentos. Hab\u00eda aparecido una nueva din\u00e1mica en Chile. Es esta din\u00e1mica la que provoc\u00f3 la campa\u00f1a contra Jadue.<\/p>\n<p>Durante su detenci\u00f3n, Jadue fue destituido de su cargo de alcalde (su sustituto es Fares Jadue, que no tiene parentesco, pero tambi\u00e9n es miembro del Partido Comunista). Como ya no era alcalde, se acabaron los fundamentos de la detenci\u00f3n preventiva de Jadue. La jueza Paula Brito, por tanto, admiti\u00f3 el recurso de la defensa para que Jadue fuera trasladado a arresto domiciliario. Pero ella no se detuvo all\u00ed. Reprendi\u00f3 a las autoridades por tomar la medida extrema de encarcelarlo durante 91 d\u00edas (una decisi\u00f3n extra\u00f1a por parte de las autoridades ya que Jadue hab\u00eda colaborado con el fiscal de buena fe desde el principio del caso).<\/p>\n<p>El caso no ha terminado. \u201cQuiero luchar contra el caso\u201d, me dijo Jadue. \u201cSer\u00e9 reivindicado. El proyecto de las farmacias populares ser\u00e1 reivindicado. No permitiremos que nos castiguen porque desobedecimos el consenso neoliberal\u201d.<\/p>\n","protected":false},"excerpt":{"rendered":"<p>Daniel Jadue, ex alcalde de Recoleta (una comuna de Santiago de Chile), abre la puerta de su modesta casa. Es tarde. Se muestra tan hospitalario como siempre, a pesar de que se ve cansado tras sus 91 d\u00edas de cautiverio en el anexo penitenciario Capit\u00e1n Y\u00e1ber. Intenta pedirnos sushi pero luego decide servirnos unas hojas [&hellip;]<\/p>\n","protected":false},"author":31,"featured_media":0,"comment_status":"closed","ping_status":"closed","sticky":false,"template":"","format":"standard","meta":{"_acf_changed":false,"footnotes":""},"categories":[309],"tags":[702,705,813,606,828,770,750,605,607,769],"article-type":[627],"class_list":["post-9619","post","type-post","status-publish","format-standard","hentry","category-globetrotter-es","tag-activismo","tag-coyuntural","tag-derechos-humanos","tag-economia","tag-elecciones-presidenciales","tag-entrevista","tag-historia","tag-noticias","tag-politica","tag-sudamerica-chile","article-type-opinion-analysis-es"],"acf":[],"_links":{"self":[{"href":"https:\/\/portal.globetrotter.media\/es\/wp-json\/wp\/v2\/posts\/9619","targetHints":{"allow":["GET"]}}],"collection":[{"href":"https:\/\/portal.globetrotter.media\/es\/wp-json\/wp\/v2\/posts"}],"about":[{"href":"https:\/\/portal.globetrotter.media\/es\/wp-json\/wp\/v2\/types\/post"}],"author":[{"embeddable":true,"href":"https:\/\/portal.globetrotter.media\/es\/wp-json\/wp\/v2\/users\/31"}],"replies":[{"embeddable":true,"href":"https:\/\/portal.globetrotter.media\/es\/wp-json\/wp\/v2\/comments?post=9619"}],"version-history":[{"count":0,"href":"https:\/\/portal.globetrotter.media\/es\/wp-json\/wp\/v2\/posts\/9619\/revisions"}],"wp:attachment":[{"href":"https:\/\/portal.globetrotter.media\/es\/wp-json\/wp\/v2\/media?parent=9619"}],"wp:term":[{"taxonomy":"category","embeddable":true,"href":"https:\/\/portal.globetrotter.media\/es\/wp-json\/wp\/v2\/categories?post=9619"},{"taxonomy":"post_tag","embeddable":true,"href":"https:\/\/portal.globetrotter.media\/es\/wp-json\/wp\/v2\/tags?post=9619"},{"taxonomy":"article-type","embeddable":true,"href":"https:\/\/portal.globetrotter.media\/es\/wp-json\/wp\/v2\/article-type?post=9619"}],"curies":[{"name":"wp","href":"https:\/\/api.w.org\/{rel}","templated":true}]}}