{"id":9500,"date":"2024-07-03T18:40:32","date_gmt":"2024-07-03T22:40:32","guid":{"rendered":"https:\/\/portal.globetrotter.media\/2024\/07\/03\/far-right-surge-or-status-quo-understanding-the-2024-european-elections\/"},"modified":"2024-07-18T13:05:01","modified_gmt":"2024-07-18T17:05:01","slug":"avanza-la-extrema-derecha-entendiendo-las-elecciones-europeas-de-2024","status":"publish","type":"post","link":"https:\/\/portal.globetrotter.media\/es\/2024\/07\/03\/avanza-la-extrema-derecha-entendiendo-las-elecciones-europeas-de-2024\/","title":{"rendered":"\u00bfAvanza la extrema derecha? Entendiendo las elecciones europeas de 2024"},"content":{"rendered":"<p>Entre el 6 y el 9 de junio, los habitantes de la Uni\u00f3n Europea (UE) <a href=\"https:\/\/elections.europa.eu\/en\/\">acudieron a las urnas<\/a> para elegir un nuevo Parlamento Europeo. Se tem\u00eda un avance de la extrema derecha, dadas las recientes victorias electorales de partidos nacionalistas extremos \u2013 conservadores y elitistas, a menudo con tendencias xen\u00f3fobas y ra\u00edces o inspiraci\u00f3n fascistas \u2013.<\/p>\n<p>Seis de los 27 pa\u00edses de la UE \u2013 Italia, Finlandia, Eslovaquia, Hungr\u00eda, Croacia y la Rep\u00fablica Checa \u2013 tienen partidos de extrema derecha en el Gobierno. El Gobierno en minor\u00eda de Suecia cuenta con el apoyo de los nacionalistas Dem\u00f3cratas Suecos, la segunda fuerza del Parlamento.<\/p>\n<p>En los Pa\u00edses Bajos, el \u201cPartij voor de Vrijheid\u201d (Partido para la Libertad) de Geert Wilders obtuvo 37 esca\u00f1os en el Parlamento de 150 posibles tras una campa\u00f1a llena de xenofobia y sentimiento anti islamista. Su grupo parlamentario es mucho mayor que los de la alianza rojiverde del comisario europeo Frans Timmermans y de los liberales del ex primer ministro Mark Rutte, que obtuvieron 24 y 25 esca\u00f1os respectivamente. Durante las elecciones europeas, Wilders estaba ocupado formando el Gobierno m\u00e1s derechista de la historia reciente de su pa\u00eds.<\/p>\n<p>Los Pa\u00edses Bajos es un pa\u00eds relativamente peque\u00f1o, pero el auge de la extrema derecha tambi\u00e9n caus\u00f3 inquietud en los grandes pa\u00edses de Europa. En Italia, el \u201cFratelli d\u2019Italia\u201d (Hermanos de Italia) de Giorgia Meloni, un partido que remonta sus ra\u00edces al movimiento fascista de Benito Mussolini, est\u00e1 en el poder desde octubre de 2022. En Francia, la \u201cRassemblement National\u201d (Agrupaci\u00f3n Nacional) de Marine Le Pen <a href=\"https:\/\/www.politico.eu\/europe-poll-of-polls\/france\/\">encabezaba las encuestas preelectorales<\/a>, mientras que la \u201cAlternative f\u00fcr Deutschland\u201d (Alternativa para Alemania), la fuerza de extrema derecha en Alemania, obtuvo sistem\u00e1ticamente mejores resultados en los sondeos de opini\u00f3n que cualquiera de los tres partidos gobernantes.<\/p>\n<p>Este \u00e9xito a escala europea de los partidos de extrema derecha se vio efectivamente confirmado por los <a href=\"https:\/\/results.elections.europa.eu\/en\/index.html\">resultados de las elecciones europeas<\/a>. El partido de la primera ministra italiana, Giorgia Meloni, obtuvo m\u00e1s del 28% de los votos nacionales. En Francia, la Agrupaci\u00f3n Nacional de Marine Le Pen fue el partido preferido por casi uno de cada tres votantes, humillando al partido \u201cRenaissance\u201d (Renacimiento) del presidente Emmanuel Macron, que obtuvo solo la mitad de votos. En Alemania, la Alternativa para Alemania obtuvo casi el 16%. Puede que sea menos espectacular que la extrema derecha italiana y francesa, pero sigue siendo mejor que cada uno de los tres miembros de la actual coalici\u00f3n del sem\u00e1foro: los socialdem\u00f3cratas, los verdes y el Partido Liberal.<\/p>\n<p>Pero, \u00bfha sido tomado realmente el Parlamento Europeo por la extrema derecha? La verdad es que no.<\/p>\n<p>Sus \u00e9xitos electorales en varios pa\u00edses son innegables, como ya han ilustrado los ejemplos de Italia, Francia y Alemania. El auge de la extrema derecha se ha producido <a href=\"https:\/\/europeelects.eu\/ep2024\/\">a expensas de los partidos centristas tradicionales<\/a>. En el Parlamento Europeo, los verdes y los liberales perdieron aproximadamente una cuarta parte de sus esca\u00f1os cada uno. Sin embargo, los socialdem\u00f3cratas parecen mantenerse estables, ya que s\u00f3lo perdieron cuatro esca\u00f1os.<\/p>\n<p>Pero el <a href=\"https:\/\/www.eppgroup.eu\/\">Grupo del Partido Popular Europeo (PPE)<\/a>, de centro-derecha, crece a\u00fan m\u00e1s y sigue siendo, por bastante, el grupo m\u00e1s numeroso del Parlamento Europeo. Juntos, estos cuatro grupos pol\u00edticos tradicionales siguen teniendo todav\u00eda la mayor\u00eda.<\/p>\n<p>Adem\u00e1s, aunque los partidos de extrema derecha avanzaron en las elecciones de junio de 2024, est\u00e1n desesperadamente divididos entre s\u00ed en cuestiones clave como la pol\u00edtica econ\u00f3mica, las relaciones exteriores y la integraci\u00f3n en la UE. Por ejemplo, mientras unos abogan por su retirada total de la UE, otros apoyan la renegociaci\u00f3n de las condiciones de adhesi\u00f3n de sus pa\u00edses.<\/p>\n<p>Como resultado de estas divisiones, existen dos grupos parlamentarios que vinculan partidos de extrema derecha. Por un lado, est\u00e1 el grupo nacionalista de derecha \u201c<a href=\"https:\/\/ecrgroup.eu\/\">European Conservatives and Reformist<\/a>\u201d (Conservadores y Reformistas Europeos) dominado por los Hermanos de Italia y el polaco Partido \u201cPrawo i Sprawiedliwo\u015b\u0107\u201d (Derecho y Justicia). Por otro lado, est\u00e1 el grupo Identity and Democracy Group (Identidad y Democracia) de extrema derecha, entre cuyos miembros se encuentran la Agrupaci\u00f3n Nacional francesa, pero tambi\u00e9n el austriaco \u201cFreiheitliche Partei \u00d6sterreichs\u201d (Partido Liberal Austriaco) y el PPL de Geert Wilders. La Alternativa para Alemania era miembro de este grupo hasta que fue expulsada semanas antes de las elecciones europeas tras una serie de esc\u00e1ndalos.<\/p>\n<p>Y luego, hay una serie de partidos de extrema derecha que no pertenecen a ninguno de esos grupos parlamentarios porque no se les considera aceptables o porque ya han sido expulsados. El partido h\u00fangaro \u201cFidesz\u201d (Fidesz-Uni\u00f3n C\u00edvica H\u00fangara) se convirti\u00f3 en el mayor de ellos cuando abandonaron el Partido Popular Europeo de centro-derecha en 2021. Tambi\u00e9n hay toda una gama de partidos m\u00e1s peque\u00f1os. La Alternativa para Alemania se uni\u00f3 a sus filas hace poco, ya que no est\u00e1 afiliada a ning\u00fan grupo parlamentario.<\/p>\n<p>Hay dos razones, por tanto, por las que la extrema derecha no es capaz de dominar el Parlamento Europeo. Por un lado, los partidos centristas, y especialmente el Grupo del PPE, siguen siendo relativamente fuertes. Por otra parte, los grupos de extrema derecha est\u00e1n demasiado divididos entre s\u00ed como para convertirse en dominantes.<\/p>\n<p>El temor a una toma de control de la pol\u00edtica europea dominante por parte de partidos marginales de extrema derecha parece infundado, al menos por ahora. Sin embargo, la influencia de la extrema derecha est\u00e1 creciendo de forma innegable. El verdadero peligro podr\u00eda venir de la difuminaci\u00f3n de las l\u00edneas divisorias entre los partidos de la corriente dominante y de la extrema derecha.<\/p>\n<p>Hemos visto recientemente c\u00f3mo los partidos de extrema derecha han empezado a <a href=\"https:\/\/www.wsj.com\/world\/europe\/giorgia-meloni-g-7-summit-italy-4db04afa\">emular a los partidos de centro-derecha<\/a> a cambio de un asiento en la mesa, especialmente si pueden entrar en el Gobierno. Curiosamente, el partido de Giorgia Meloni es el \u00fanico de los tres principales partidos de extrema derecha italianos que est\u00e1 inequ\u00edvocamente <a href=\"https:\/\/www.gmfus.org\/news\/why-giorgia-meloni-will-not-change-italys-foreign-policy\">a favor de la OTAN y del apoyo a Ucrania<\/a>. Una vez en el Gobierno, se convirti\u00f3 en una abierta partidaria del apoyo militar. Geert Wilders, por su parte, estaba dispuesto a tragarse gran parte del programa de su partido extremista a cambio de su ascenso al Gobierno. La Agrupaci\u00f3n Nacional francesa tambi\u00e9n est\u00e1 experimentando un cambio de imagen, y los m\u00edtines con el h\u00e1bil incendiario Jordan Bardella no se parecen a las nost\u00e1lgicas reuniones del Frente Nacional de Jean-Marie Le Pen, el fundador del partido.<\/p>\n<p>\u00c9sta no es la \u00fanica forma en que se han difuminado las l\u00edneas entre la corriente dominante y la extrema derecha. El centro-derecha tambi\u00e9n se est\u00e1 desplazando lenta pero inexorablemente hacia la derecha. El giro de los partidos de centro-derecha hacia la derecha puede verse en <a href=\"https:\/\/www.theguardian.com\/commentisfree\/2024\/apr\/16\/eu-migration-pact-intended-neutralise-far-right-europe\">el nuevo pacto migratorio de la UE<\/a>, defendido por la presidenta de la Comisi\u00f3n Europea, Ursula von der Leyen, que incluye medidas originalmente defendidas por la extrema derecha como el endurecimiento de la disuasi\u00f3n mediante el control fronterizo y procedimientos de asilo m\u00e1s estrictos. Asimismo, tambi\u00e9n refuerza el encuadre de la extrema derecha de la inmigraci\u00f3n como una amenaza para los valores europeos. El peligro real, por tanto, podr\u00eda no ser el de una toma de control de la pol\u00edtica europea por parte de los partidos de extrema derecha, sino el de la alianza entre el antiguo centro-derecha con la \u201cnueva\u201d extrema derecha, supuestamente m\u00e1s moderada.<\/p>\n<p>Por tanto, el \u00fanico remedio al ascenso de la extrema derecha no hay que buscarlo en el centro sino a la izquierda del espectro pol\u00edtico. La izquierda est\u00e1 posicionada para contrarrestar a la extrema derecha por su compromiso con pol\u00edticas inclusivas e igualitarias, que se oponen directamente a la ret\u00f3rica excluyente y nacionalista de la extrema derecha.<\/p>\n<p>Por desgracia, la izquierda tambi\u00e9n est\u00e1 dividida y carece de una estrategia clara. Existe el nuevo fen\u00f3meno de la \u201cB\u00fcndnis Sahra Wagenknecht\u201d (Alianza Sahra Wagenknecht) en Alemania, que combina propuestas restrictivas en materia de inmigraci\u00f3n con un programa econ\u00f3mico m\u00e1s progresista, aunque con un 6,2% en las elecciones al Parlamento Europeo obtuvieron menos de lo previsto. La \u201cFrance Insoumise\u201d (Francia Insumisa), el \u201cKommounistik\u00f3 K\u00f3mma Ell\u00e1das\u201d (Partido Comunista) de Grecia y el \u201cPartij van de Arbeid van Belgi\u00eb \/ Parti du Travail de Belgique\u201d (Partido de los Trabajadores de B\u00e9lgica) obtuvieron buenos resultados, logrando el apoyo de cerca del 10% del electorado de sus pa\u00edses. La izquierda tambi\u00e9n est\u00e1 mostrando resistencia en otros pa\u00edses. A la larga, ser\u00e1n estos partidos y los movimientos sociales en los que est\u00e1n arraigados los que tendr\u00e1n que dar una respuesta al ascenso de la extrema derecha en Europa.<\/p>\n","protected":false},"excerpt":{"rendered":"<p>Entre el 6 y el 9 de junio, los habitantes de la Uni\u00f3n Europea (UE) acudieron a las urnas para elegir un nuevo Parlamento Europeo. Se tem\u00eda un avance de la extrema derecha, dadas las recientes victorias electorales de partidos nacionalistas extremos \u2013 conservadores y elitistas, a menudo con tendencias xen\u00f3fobas y ra\u00edces o inspiraci\u00f3n [&hellip;]<\/p>\n","protected":false},"author":385,"featured_media":0,"comment_status":"closed","ping_status":"closed","sticky":false,"template":"","format":"standard","meta":{"_acf_changed":false,"footnotes":""},"categories":[309],"tags":[705,757,610,605,607],"article-type":[627],"class_list":["post-9500","post","type-post","status-publish","format-standard","hentry","category-globetrotter-es","tag-coyuntural","tag-europa","tag-gop-derecha","tag-noticias","tag-politica","article-type-opinion-analysis-es"],"acf":[],"_links":{"self":[{"href":"https:\/\/portal.globetrotter.media\/es\/wp-json\/wp\/v2\/posts\/9500","targetHints":{"allow":["GET"]}}],"collection":[{"href":"https:\/\/portal.globetrotter.media\/es\/wp-json\/wp\/v2\/posts"}],"about":[{"href":"https:\/\/portal.globetrotter.media\/es\/wp-json\/wp\/v2\/types\/post"}],"author":[{"embeddable":true,"href":"https:\/\/portal.globetrotter.media\/es\/wp-json\/wp\/v2\/users\/385"}],"replies":[{"embeddable":true,"href":"https:\/\/portal.globetrotter.media\/es\/wp-json\/wp\/v2\/comments?post=9500"}],"version-history":[{"count":0,"href":"https:\/\/portal.globetrotter.media\/es\/wp-json\/wp\/v2\/posts\/9500\/revisions"}],"wp:attachment":[{"href":"https:\/\/portal.globetrotter.media\/es\/wp-json\/wp\/v2\/media?parent=9500"}],"wp:term":[{"taxonomy":"category","embeddable":true,"href":"https:\/\/portal.globetrotter.media\/es\/wp-json\/wp\/v2\/categories?post=9500"},{"taxonomy":"post_tag","embeddable":true,"href":"https:\/\/portal.globetrotter.media\/es\/wp-json\/wp\/v2\/tags?post=9500"},{"taxonomy":"article-type","embeddable":true,"href":"https:\/\/portal.globetrotter.media\/es\/wp-json\/wp\/v2\/article-type?post=9500"}],"curies":[{"name":"wp","href":"https:\/\/api.w.org\/{rel}","templated":true}]}}