{"id":7694,"date":"2021-12-16T15:51:02","date_gmt":"2021-12-16T20:51:02","guid":{"rendered":"https:\/\/gtmportal.wpenginepowered.com\/2021\/12\/16\/chile-is-at-the-political-crossroads-social-renewal-or-decades-of-painful-neoliberal-policy\/"},"modified":"2023-06-18T18:39:26","modified_gmt":"2023-06-18T22:39:26","slug":"chile-en-la-encrucijada-renovacion-social-o-continuidad-de-la-dolorosa-politica-neoliberal","status":"publish","type":"post","link":"https:\/\/portal.globetrotter.media\/es\/2021\/12\/16\/chile-en-la-encrucijada-renovacion-social-o-continuidad-de-la-dolorosa-politica-neoliberal\/","title":{"rendered":"Chile en la encrucijada: renovaci\u00f3n social o continuidad de la (dolorosa) pol\u00edtica neoliberal"},"content":{"rendered":"<p>\u201cSi [Augusto] Pinochet estuviera vivo, votar\u00eda por m\u00ed\u201d, <a href=\"https:\/\/www.cnnchile.com\/pais\/jose-antonio-kast-si-pinochet-estuviera-vivo-votaria-por-mi_20171109\/\">declar\u00f3<\/a> Jos\u00e9 Antonio Kast en 2017, cuando se present\u00f3 como candidato independiente durante las elecciones presidenciales. Esta declaraci\u00f3n fue especialmente provocadora entre las muchas de este estilo que lleva haciendo a largo de los a\u00f1os. Ese mismo a\u00f1o (2017) <a href=\"https:\/\/www.latercera.com\/noticia\/kast-propone-profesores-religion-todos-los-colegios-publicos-los-chilenos-les-falta-dios\/\">tambi\u00e9n dijo<\/a>, durante su campa\u00f1a, que \u201cA los chilenos les hace falta Dios\u201d mientras propon\u00eda incluir profesores de religi\u00f3n en todas las escuelas p\u00fablicas de Chile.<\/p>\n<p>Kast se presenta a las elecciones presidenciales de 2021 en Chile como candidato del Partido Republicano de Chile. La primera vuelta de este proceso electoral <a href=\"https:\/\/www.reuters.com\/world\/americas\/chile-election-poll-shows-race-tightening-polarized-showdown-nears-2021-12-14\/\">se realiz\u00f3<\/a> el 21 de noviembre.<\/p>\n<p>Augusto Pinochet (1915-2006), al que se refer\u00eda Kast en su declaraci\u00f3n de 2017, comand\u00f3 la dictadura militar en Chile desde 1973 hasta 1990. Pocos d\u00edas despu\u00e9s de encabezar, el 11 de septiembre de 1973, el golpe de Estado respaldado por Estados Unidos para derrocar al Gobierno popularmente elegido del presidente Salvador Allende, <a href=\"https:\/\/tinyurl.com\/2p84b8u8\">dijo<\/a>: \u201cA veces, la democracia debe ser ba\u00f1ada en sangre, para poder seguir siendo una democracia\u201d. Kast, que qued\u00f3 cuarto lugar en la primera vuelta de las elecciones presidenciales de 2017, apoy\u00f3 al eventual ganador (ahora presidente saliente) Sebasti\u00e1n P\u00ed\u00f1era, un empresario multimillonario. Este a\u00f1o, Kast fue el <a href=\"https:\/\/chiletoday.cl\/kast-and-parisi-both-winners-in-chiles-presidential-election-first-round\/\">m\u00e1s votado<\/a> en la primera vuelta de las elecciones presidenciales y \u2013 en los <a href=\"https:\/\/www.valoraanalitik.com\/2021\/12\/07\/encuestas-presidenciales-chile-izquierdista-boric-kast\/\">sondeos de opini\u00f3n<\/a> para la segunda vuelta, a realizarse el 19 de diciembre \u2013 se sit\u00faa justo por detr\u00e1s del candidato de la izquierda, Gabriel Boric. Este a\u00f1o, Kast no ha afirmado que Pinochet votar\u00eda por \u00e9l. Sabe que lo har\u00eda.<\/p>\n<p><strong>El heredero de Pinochet<\/strong><\/p>\n<p>Los <a href=\"https:\/\/interferencia.cl\/articulos\/el-origen-del-clan-de-los-kast-en-chile\">padres<\/a> de Kast huyeron de Alemania tras la Segunda Guerra Mundial porque el padre de Kast \u2013 Michael Kast Schindele \u2013 era seguidor de Adolf Hitler y <a href=\"https:\/\/elpais.com\/internacional\/2021-12-09\/una-investigacion-prueba-que-el-padre-del-candidato-chileno-jose-antonio-kast-fue-miembro-del-partido-nazi.html\">miembro<\/a> del partido nazi. Llegaron a Chile en 1950, donde crearon un negocio familiar y criaron a nueve hijos (Kast naci\u00f3 en 1966). La familia Kast tiene un profundo y largo historial de relaci\u00f3n con la extrema derecha. El hermano de Jos\u00e9, Miguel Kast, fue <a href=\"https:\/\/theintercept.com\/2021\/12\/01\/marco-rubio-chile-pinochet-jose-antonio-kast\/\">uno<\/a> de los muchos \u201cj\u00f3venes economistas formados por Milton Friedman\u201d (conocidos como los \u201c<a href=\"https:\/\/www.thenation.com\/article\/archive\/the-chicago-boys-in-chile-economic-freedoms-awful-toll\/\">Chicago Boys<\/a>\u201d) que pusieron en marcha un \u201cexperimento neoliberal\u201d en Chile <a href=\"https:\/\/theintercept.com\/2021\/12\/01\/marco-rubio-chile-pinochet-jose-antonio-kast\/\">bajo el mandato<\/a> de Pinochet \u201cque vio c\u00f3mo se recortaba el gasto social y se canalizaba la riqueza hacia los m\u00e1s ricos\u201d, seg\u00fan el Intercept. Puede que Pinochet sea considerado un dictador asesino por muchas personas en Chile, pero para la familia Kast fue un l\u00edder heroico, lo que explica que no sienta verg\u00fcenza de asegurar que el dictador muerto votar\u00eda por \u00e9l.<\/p>\n<p>De hecho, hay un gran sector de la poblaci\u00f3n chilena que no siente rechazo \u2013 ni mucho menos verg\u00fcenza \u2013 por los 30 a\u00f1os de la dictadura pinochetista. Cuando el dictador fue retirado del poder en 1990, se elevaron una serie de casos ante los tribunales chilenos para llevar a Pinochet \u2013 y a algunos de sus aliados \u2013 ante la justicia por diversas violaciones de los derechos humanos llevadas a cabo bajo su r\u00e9gimen, incluyendo <a href=\"https:\/\/www.dw.com\/en\/chile-20-secret-police-jailed-for-pinochet-era-crimes\/a-45599050\">secuestros y asesinatos<\/a>. Ninguno de los m\u00e1s de 300 <a href=\"https:\/\/www.theguardian.com\/world\/2006\/dec\/11\/chile.pinochet4\">casos<\/a> que implicaban directamente a Pinochet, y que fueron archivados antes de su muerte \u2013 incluyendo el asesinato de Carlos Prats, un antiguo comandante del Ej\u00e9rcito chileno que era un \u201copositor <a href=\"https:\/\/www.nytimes.com\/2011\/04\/30\/world\/americas\/30argentina.html\">declarado<\/a>\u201d de Pinochet, y otros asesinatos <a href=\"https:\/\/tinyurl.com\/3u7m8pnf\">llevados a cabo<\/a> en el marco de la Operaci\u00f3n C\u00f3ndor \u2013 lleg\u00f3 a un final concluyente. Mientras tanto, en julio de 2002, la Corte Suprema chilena archiv\u00f3 el procesamiento de Pinochet en los casos relacionados con la \u201c<a href=\"https:\/\/nsarchive.gwu.edu\/news\/chile\/2021-01-27\/judge-juan-guzman-tapia-tribute\">Caravana de la Muerte<\/a>\u201d (\u201cun escuadr\u00f3n de la muerte de \u00e9lite\u201d que ejecut\u00f3 a \u201cdocenas de ex alcaldes, jefes de polic\u00eda, l\u00edderes sindicales y otros funcionarios locales\u201d en Chile) declarando que Pinochet estaba \u201cmentalmente incapacitado debido a la demencia\u201d. Recurriendo a la jurisdicci\u00f3n universal, el fiscal del Tribunal Supremo espa\u00f1ol Carlos Castresana intent\u00f3, en julio de 1996, abrir una v\u00eda <a href=\"https:\/\/elpais.com\/diario\/2006\/12\/13\/internacional\/1165964406_850215.html\">independiente<\/a> dentro del sistema judicial espa\u00f1ol, lo que llev\u00f3 a la detenci\u00f3n de Pinochet en Londres en 1998. Pero el \u201ccaso Pinochet\u201d se <a href=\"https:\/\/elpais.com\/diario\/2006\/12\/13\/internacional\/1165964406_850215.html\">hundi\u00f3<\/a> cuando los entonces jefes de Gobierno de Gran Breta\u00f1a (Tony Blair), Chile (Eduardo Frei) y Espa\u00f1a (Jos\u00e9 Mar\u00eda Aznar) se confabularon para blindar a Pinochet envi\u00e1ndolo a su casa en Santiago. La impunidad de Pinochet marc\u00f3 la pol\u00edtica chilena durante los a\u00f1os siguientes, ya que supuso que nadie tuviera que avergonzarse de reivindicar su linaje a pesar de las atrocidades de las que se le acusaba.<\/p>\n<p>Kast niega que Pinochet fuera un dictador. Se\u00f1al\u00f3 la Constituci\u00f3n de 1980 y <a href=\"https:\/\/www.cooperativa.cl\/noticias\/pais\/politica\/presidenciales\/kast-nicaragua-refleja-lo-que-en-chile-no-ocurrio-con-pinochet-hubo\/2021-11-12\/233024.html\">dijo<\/a> que este documento \u201cconten\u00eda toda la transici\u00f3n a la democracia\u201d. Entre 1973 y 1980, antes de que se introdujera la Constituci\u00f3n, Chile no era una dictadura, argument\u00f3 Kast, porque el Gobierno de Pinochet elabor\u00f3 voluntariamente una Constituci\u00f3n \u201cdemocr\u00e1tica\u201d (que sigue vigente hoy en d\u00eda, y que est\u00e1 siendo <a href=\"https:\/\/peoplesdispatch.org\/2021\/10\/21\/chile-is-at-the-dawn-of-a-new-political-era\/\">reescrita<\/a> por una Convenci\u00f3n Constitucional). Kast, sin pudor, afirma que Pinochet \u2013 qui\u00e9n personificaba todos los atributos de los dictadores de finales del siglo XX \u2013 es ir\u00f3nicamente un guardi\u00e1n de la democracia chilena.<\/p>\n<p><strong>Desprecio por los derechos humanos<\/strong><\/p>\n<p>Kast ha demostrado su desprecio por los derechos humanos. Durante un debate presidencial en octubre de 2021, Kast <a href=\"https:\/\/www.elmostrador.cl\/elecciones-2021\/2021\/10\/11\/se-da-inicio-al-esperado-debate-presidencial-a-poco-mas-de-un-mes-de-la-crucial-eleccion\/\">propuso<\/a> el cierre del <a href=\"https:\/\/chileanadoptees.org\/indh\/\">Instituto Nacional de Derechos Humanos<\/a> (INDH), diciendo: \u201cHemos planteado que tiene que haber una reformulaci\u00f3n, y hacer una reformulaci\u00f3n\u2026 [del INDH.] Consideramos que el actual (INDH) [tiene que ser cerrado] porque claramente no est\u00e1 cumpliendo sus objetivos\u201d. Kast hizo estos comentarios porque el INDH, que recientemente <a href=\"https:\/\/www.diarioconstitucional.cl\/2021\/09\/02\/comision-investigadora-sobre-actuacion-policial-aprobo-su-informe-final\/\">investig\u00f3<\/a> las violaciones de los derechos humanos por parte de la polic\u00eda chilena contra los manifestantes antigubernamentales \u2013 que llevan m\u00e1s de dos a\u00f1os protestando \u2013 concluy\u00f3 que se hab\u00eda producido \u201cuna vulneraci\u00f3n de la protecci\u00f3n de los derechos humanos\u201d durante estas protestas. \u201cCarabineros [la polic\u00eda chilena]\u201d, <a href=\"https:\/\/www.chvnoticias.cl\/elecciones2021\/debate-presidencial-2021-en-vivo-kast-carabineros-de-chile-derechos-humanos_20210922\/\">dijo<\/a> Kast durante el debate presidencial, \u201ces una gran instituci\u00f3n que no viola los derechos humanos\u201d. Chile ha sido testigo de un masivo estallido pol\u00edtico que comenz\u00f3 en 2019 y se ha mantenido hasta ahora, como parte de un amplio descontento con las condiciones econ\u00f3micas en picada y con la violencia policial que ha llegado como respuesta a las protestas pac\u00edficas. Como consecuencia del tipo de discurso pol\u00edtico que Kast ha estado manejando y de la propaganda que est\u00e1 difundiendo la extrema derecha, las <a href=\"https:\/\/www.ciperchile.cl\/2021\/06\/23\/encuesta-del-indh-muestra-que-ciudadanos-confian-mas-en-carabineros-que-en-ese-instituto\/\">encuestas muestran<\/a> que, hoy en d\u00eda, ha aumentado el n\u00famero de personas que conf\u00edan m\u00e1s en la polic\u00eda que en el INDH.<\/p>\n<p>La alineaci\u00f3n total con la polic\u00eda y el ej\u00e9rcito define la pol\u00edtica de Kast. Por eso se <a href=\"https:\/\/twitter.com\/joseantoniokast\/status\/1364196170038464516\">comprometi\u00f3<\/a> a sacar a Chile del Consejo de Derechos Humanos de la ONU, que desde 2019 ha publicado <a href=\"https:\/\/www.ohchr.org\/en\/NewsEvents\/Pages\/DisplayNews.aspx?NewsID=25423&amp;LangID=E\">informes<\/a> que han criticado a la polic\u00eda chilena por violar protocolos b\u00e1sicos de derechos humanos en su manejo de las \u201cprotestas masivas\u201d en Chile. El desprecio de Kast por el Consejo de Derechos Humanos de la ONU refleja su posici\u00f3n general sobre este tipo de cooperaci\u00f3n internacional. En febrero de 2021, mientras tuiteaba sobre la retirada del consejo, <a href=\"https:\/\/twitter.com\/joseantoniokast\/status\/1364196170038464516\">dijo<\/a>: \u201cMientras la ONU ataca a Chile con diversas pol\u00edticas y falsas acusaciones, el Consejo de Derechos Humanos [de la ONU] tiene como miembros a Venezuela y Cuba, las dictaduras m\u00e1s sangrientas de Am\u00e9rica Latina\u201d. El odio al proyecto socialista en Venezuela se amplifica en el odio de Kast a los migrantes venezolanos que han tenido que abandonar su pa\u00eds como <a href=\"https:\/\/www.ohchr.org\/EN\/NewsEvents\/Pages\/DisplayNews.aspx?NewsID=26747\">consecuencia<\/a> de las sanciones impuestas por Estados Unidos. Kast <a href=\"https:\/\/twitter.com\/joseantoniokast\/status\/1454956349805182983\">propuso<\/a> la construcci\u00f3n de una zanja en la frontera chilena con Bolivia para evitar que los migrantes que viajan por tierra \u2013 en su mayor\u00eda venezolanos \u2013 entren a Chile.<\/p>\n<p><strong>Trump del Cono Sur<\/strong><\/p>\n<p>Se han hecho muchas comparaciones entre Kast y otros l\u00edderes de extrema derecha: se le ha <a href=\"https:\/\/www.reuters.com\/world\/americas\/chiles-bolsonaro-hard-right-kast-rises-with-frank-talk-crime-focus-2021-11-16\/\">llamado<\/a> el Bolsonaro de Chile, estableciendo similitudes entre \u00e9l y el presidente de Brasil, Jair Bolsonaro, y tambi\u00e9n se le ha llamado el Donald Trump de Chile. Kast ambiciona formar un bloque \u201c<a href=\"https:\/\/twitter.com\/davidrkadler\/status\/1470476944689057804\">anti-globalista<\/a>\u201d con Bolsonaro y el ex presidente estadounidense Trump, as\u00ed como con el primer ministro h\u00fangaro Viktor Orb\u00e1n (hizo estos comentarios en un <a href=\"https:\/\/twitter.com\/davidrkadler\/status\/1470476944689057804\">programa<\/a> en el que se puso una gorra roja de \u201cMake America Great Again\u201d que usan los partidarios de Trump). A finales de noviembre, Kast viaj\u00f3 a Washington, D.C., para <a href=\"https:\/\/www.elmostrador.cl\/noticias\/pais\/2021\/11\/30\/el-misterioso-almuerzo-de-jak-en-washington-d-c\/\">reunirse<\/a> con el senador estadounidense Marco Rubio (Republicano-Florida) y con Issa Kort (ex representante de Chile ante la Organizaci\u00f3n de Estados Americanos), as\u00ed como con Mar\u00eda Paulina Uribe (directora de marketing de PepsiCo) y Joel Velasco (vicepresidente de UnitedHealth Group). Kast es cercano al partido espa\u00f1ol de extrema derecha, Vox, y a su l\u00edder <a href=\"https:\/\/twitter.com\/Santi_ABASCAL\/status\/1462671406966128642\">Santiago Abascal<\/a>; Kast tambi\u00e9n se ha unido a Abascal en la formaci\u00f3n de un nuevo grupo de extrema derecha en Am\u00e9rica Latina llamado la <a href=\"https:\/\/www.vozpopuli.com\/espana\/abascal-kast-chile.html\">Carta de Madrid<\/a>.<\/p>\n<p>Al igual que Abascal, Bolsonaro y Trump, Kast est\u00e1 a favor del Estado peque\u00f1o cuando se trata de la regulaci\u00f3n de las grandes empresas y del Estado grande cuando se trata de la ley, el \u201corden\u201d y los valores familiares. La profunda misoginia de Kast sale a relucir en su promesa de <a href=\"https:\/\/www.elmostrador.cl\/braga\/2021\/10\/29\/la-preocupante-desaparicion-de-las-mujeres-como-sujetas-de-derechos-en-el-programa-presidencial-de-jose-antonio-kast\/\">eliminar<\/a> el <a href=\"https:\/\/socialprotection.org\/connect\/stakeholders\/chile-ministerio-de-la-mujer-y-la-equidad-de-g%C3%A9nero-ministry-women-and-gender-0\">Ministerio de la Mujer y la Equidad de G\u00e9nero<\/a> en Chile y de <a href=\"https:\/\/mobile.twitter.com\/joseantoniokast\/status\/874681022125940736\">echar atr\u00e1s<\/a> las modestas disposiciones sobre el <a href=\"https:\/\/twitter.com\/joseantoniokast\/status\/1103114201353121793?s=24\">aborto<\/a>, <a href=\"https:\/\/www.reuters.com\/world\/americas\/chilean-presidential-candidate-kast-says-he-is-not-far-right-2021-11-12\/\">parcialmente<\/a> permitido en Chile (finalmente tuvo que <a href=\"https:\/\/www.biobiochile.cl\/noticias\/nacional\/chile\/2021\/11\/02\/kast-niega-que-quiera-eliminar-ministerio-de-la-mujer-propone-refundirlo-con-desarrollo-social.shtml\">rescindir<\/a> ambas promesas debido al creciente consenso social por los derechos de las mujeres en el pa\u00eds). \u201cNo me siento de derecha\u201d, <a href=\"https:\/\/ellibero.cl\/video\/video-jose-antonio-kast-no-me-siento-de-extrema-derecha\/\">dijo<\/a> Kast en mayo de 2018 para apelar al centro, aunque su programa est\u00e1 totalmente alineado con la ultraderecha.<\/p>\n<p>Chile se enfrenta a una verdadera decisi\u00f3n en estas elecciones presidenciales: entre el ultraderechista Kast y el centro-izquierda Boric, quien <a href=\"https:\/\/peoplesdispatch.org\/2021\/10\/21\/chile-is-at-the-dawn-of-a-new-political-era\/\">dice<\/a> que revertir\u00e1 los h\u00e1bitos neoliberales de Chile. Sin embargo, puede que los resultados de esta elecci\u00f3n no se limiten a indicar si el pa\u00eds sure\u00f1o prefiere a la extrema derecha o a la izquierda, sino que nos hablen sobre el fracaso de Chile a la hora de procesar, condenar y se\u00f1alar a aquellos que violaron los derechos de los chilenos y chilenas durante los 30 a\u00f1os de la dictadura pinochetista.<\/p>\n","protected":false},"excerpt":{"rendered":"<p>\u201cSi [Augusto] Pinochet estuviera vivo, votar\u00eda por m\u00ed\u201d, declar\u00f3 Jos\u00e9 Antonio Kast en 2017, cuando se present\u00f3 como candidato independiente durante las elecciones presidenciales. Esta declaraci\u00f3n fue especialmente provocadora entre las muchas de este estilo que lleva haciendo a largo de los a\u00f1os. Ese mismo a\u00f1o (2017) tambi\u00e9n dijo, durante su campa\u00f1a, que \u201cA los [&hellip;]<\/p>\n","protected":false},"author":31,"featured_media":0,"comment_status":"closed","ping_status":"closed","sticky":false,"template":"","format":"standard","meta":{"_acf_changed":false,"footnotes":""},"categories":[309],"tags":[318,311,713,396,450,316,320,312,522,335,310,392,333,330,323,321,581,401,322,494,336,355,327,357],"article-type":[627],"class_list":["post-7694","post","type-post","status-publish","format-standard","hentry","category-globetrotter-es","tag-activism-es","tag-economy-es","tag-europe-hungary-es","tag-europe-spain-es","tag-gender-es","tag-gop-right-wing-es","tag-history-es","tag-human-rights-es","tag-immigration-es","tag-law-es","tag-news-es","tag-north-america-cuba-es","tag-north-america-united-states-of-america-es","tag-opinion-es","tag-politics-es","tag-presidential-elections-es","tag-south-america-bolivia-es","tag-south-america-brazil-es","tag-south-america-chile-es","tag-south-america-venezuela-es","tag-spanish-es","tag-time-sensitive-es","tag-war-es","tag-womens-rights-es","article-type-opinion-analysis-es"],"acf":[],"_links":{"self":[{"href":"https:\/\/portal.globetrotter.media\/es\/wp-json\/wp\/v2\/posts\/7694","targetHints":{"allow":["GET"]}}],"collection":[{"href":"https:\/\/portal.globetrotter.media\/es\/wp-json\/wp\/v2\/posts"}],"about":[{"href":"https:\/\/portal.globetrotter.media\/es\/wp-json\/wp\/v2\/types\/post"}],"author":[{"embeddable":true,"href":"https:\/\/portal.globetrotter.media\/es\/wp-json\/wp\/v2\/users\/31"}],"replies":[{"embeddable":true,"href":"https:\/\/portal.globetrotter.media\/es\/wp-json\/wp\/v2\/comments?post=7694"}],"version-history":[{"count":0,"href":"https:\/\/portal.globetrotter.media\/es\/wp-json\/wp\/v2\/posts\/7694\/revisions"}],"wp:attachment":[{"href":"https:\/\/portal.globetrotter.media\/es\/wp-json\/wp\/v2\/media?parent=7694"}],"wp:term":[{"taxonomy":"category","embeddable":true,"href":"https:\/\/portal.globetrotter.media\/es\/wp-json\/wp\/v2\/categories?post=7694"},{"taxonomy":"post_tag","embeddable":true,"href":"https:\/\/portal.globetrotter.media\/es\/wp-json\/wp\/v2\/tags?post=7694"},{"taxonomy":"article-type","embeddable":true,"href":"https:\/\/portal.globetrotter.media\/es\/wp-json\/wp\/v2\/article-type?post=7694"}],"curies":[{"name":"wp","href":"https:\/\/api.w.org\/{rel}","templated":true}]}}