{"id":7571,"date":"2022-04-26T14:04:10","date_gmt":"2022-04-26T18:04:10","guid":{"rendered":"https:\/\/gtmportal.wpenginepowered.com\/2022\/04\/26\/jeremy-corbyn-now-let-us-talk-peace\/"},"modified":"2023-06-11T19:19:19","modified_gmt":"2023-06-11T23:19:19","slug":"jeremy-corbyn-ahora-hablemos-de-paz","status":"publish","type":"post","link":"https:\/\/portal.globetrotter.media\/es\/2022\/04\/26\/jeremy-corbyn-ahora-hablemos-de-paz\/","title":{"rendered":"Jeremy Corbyn: Ahora, hablemos de paz"},"content":{"rendered":"<p>Con una lluvia de proyectiles rusos cayendo sobre las ciudades ucranianas, un inquietante alto el fuego en Yemen, el ataque a las y los palestinos durante la oraci\u00f3n en Jerusal\u00e9n y muchos otros conflictos en todo el mundo, a algunos puede parecerles inapropiado hablar de paz.<\/p>\n<p>Sin embargo, cuando hay una guerra, es cuando se hace a\u00fan m\u00e1s imprescindible hacerlo. \u00bfDe qu\u00e9 otra forma podemos evitar que se pierdan m\u00e1s vidas o que m\u00e1s millones de personas se vean obligadas a refugiarse en otros lugares del mundo? Se agradece que \u2013 por fin \u2013 las Naciones Unidas hayan tomado la iniciativa, con la oportuna petici\u00f3n del Secretario General, Ant\u00f3nio Guterres, de reunirse cara a cara con el Presidente ruso Vladimir Putin y el Presidente ucraniano Volodymyr Zelenskyy.<\/p>\n<p>Debe haber un alto el fuego inmediato en Ucrania, seguido de una retirada de las tropas rusas y un acuerdo entre Rusia y Ucrania sobre los futuros acuerdos de seguridad.<\/p>\n<p>Todas las guerras se acaban con alg\u00fan tipo de negociaci\u00f3n, entonces \u2026 \u00bfPor qu\u00e9 no hacerlo ahora?<\/p>\n<p>Todo el mundo sabe que esto es lo va a ocurrir en alg\u00fan momento. No hay ninguna raz\u00f3n para retrasarlo, para que sigan los bombardeos y la muerte, para que haya m\u00e1s refugiados, m\u00e1s muertos y m\u00e1s familias en duelo en Ucrania y Rusia. Pero en lugar de instar a la paz, la mayor\u00eda de las naciones europeas han aprovechado la oportunidad para incrementar el suministro de armas, alimentar la maquinaria de guerra y aumentar los precios de las acciones de los fabricantes de armas.<\/p>\n<p>Tambi\u00e9n es tiempo para hablar sobre nuestra humanidad, o de la falta de ella, a las personas que se encuentran en una situaci\u00f3n de profunda angustia como consecuencia de un conflicto armado, de la violaci\u00f3n de sus derechos o de la pobreza extrema a la que muchos y muchas se enfrentan como consecuencia del sistema econ\u00f3mico mundial.<\/p>\n<p>Casi el 10% de la poblaci\u00f3n de Ucrania est\u00e1 ahora exiliada, sufriendo traumas, p\u00e9rdidas y miedo. La mayor\u00eda de los pa\u00edses de Europa han apoyado a las y los refugiados ucranianos. El Gobierno brit\u00e1nico pretende hacerlo tambi\u00e9n, pero luego atrapa a estas personas en la pesadilla de la burocracia deliberadamente laber\u00edntica del Ministerio del Interior, buscando disuadirles. En vez de esto, deber\u00eda apoyar y acoger a las y los refugiados ucranianos. Eso es lo que quiere el pueblo brit\u00e1nico en general: la enorme generosidad de la gente de a pie est\u00e1 mostrando lo mejor de nuestra humanidad.<\/p>\n<p>Sin embargo, en el trato hacia los refugiados desesperados, procedentes de guerras en las que Gran Breta\u00f1a tiene una responsabilidad directa \u2013 como Afganist\u00e1n, Irak, Libia y Yemen \u2013 la historia es dolorosamente diferente.<\/p>\n<p>Si alguien est\u00e1 tan desesperado que lo arriesga todo intentando cruzar el Canal de la Mancha en un peligroso y endeble bote, merece simpat\u00eda y apoyo. Pero en vez de eso, el plan del Ministerio del Interior es trasladarles a Ruanda. Si creemos en la humanidad y en los derechos de las personas refugiadas, entonces habr\u00eda que tratar a todos y todas de forma equitativa y decente y se les deber\u00eda permitir contribuir a nuestra sociedad, no criminalizarles y encarcelarles. Si el Partido Conservador se sale con la suya en esta externalizaci\u00f3n, otros pa\u00edses europeos har\u00e1n lo mismo. El Gobierno dan\u00e9s ya se ha pronunciado sobre esta propuesta, cruel e inviable.<\/p>\n<p>Los efectos de esta guerra sobre la pol\u00edtica y las esperanzas de nuestra sociedad van a ser enormes, sobre todo para las instituciones mundiales. Las Naciones Unidas se crearon tras la Segunda Guerra Mundial para \u201csalvar a las generaciones venideras del flagelo de la guerra\u201d. Desde entonces, podemos enumerar la larga y extensa lista de conflictos y guerras por delegaci\u00f3n que el mundo ha soportado y que se han cobrado la vida de millones de personas. Corea, Vietnam, Ir\u00e1n-Irak, Yugoslavia, Afganist\u00e1n, Irak, Libia, Siria, India-Pakist\u00e1n, la Rep\u00fablica Democr\u00e1tica del Congo y muchos otros conflictos apenas han sido rese\u00f1ados por los medios de comunicaci\u00f3n convencionales, quiz\u00e1 porque eran conflictos contra la ocupaci\u00f3n colonial, como el de Kenia.<\/p>\n<p>A la ONU hay que hacerle una gran pregunta con respecto al conflicto de Ucrania. Cuando Rusia invadi\u00f3 brutal e ilegalmente Ucrania, \u00bfno era ese el momento para que este organismo enviara a su secretario general a Mosc\u00fa para exigir un alto el fuego? La ONU ha actuado con demasiada lentitud, y gran parte del sistema de Estados ha impulsado la escalada, no la negociaci\u00f3n.<\/p>\n<p>El llamado por unas instituciones internacionales m\u00e1s eficaces y proactivas para apoyar la paz se hizo con fuerza en abril de 2022 en Madrid, durante un congreso organizado por Podemos, tras un di\u00e1logo iniciado por la Internacional Progresista, una organizaci\u00f3n de activismo de izquierda. Cada uno de los 17 oradores conden\u00f3 la guerra y la ocupaci\u00f3n y pidi\u00f3 un alto el fuego y un futuro de paz para los pueblos de Ucrania y Rusia. Los participantes conoc\u00edan los peligros de la escalada de este conflicto y de las nuevas guerras calientes, as\u00ed como la violencia que traer\u00eda una nueva Guerra Fr\u00eda. Hay 1.800 cabezas nucleares en el mundo preparadas y listas para ser utilizadas. Un arma \u201ct\u00e1ctica\u201d matar\u00eda a cientos de miles de personas; una bomba nuclear matar\u00eda a millones. No se puede contener, ni limitar sus efectos.<\/p>\n<p>En junio, Viena acoger\u00e1 una importante serie de actos por la paz en torno al Tratado sobre la Prohibici\u00f3n de las Armas Nucleares. Este tratado, apoyado por la Asamblea General de la ONU y con la oposici\u00f3n de los Estados declarados poseedores de armas nucleares, ofrece la mejor esperanza y oportunidad para un futuro sin armas nucleares. Debemos aferrarnos a esta oportunidad con todas nuestras fuerzas.<\/p>\n<p>Hay quien dice que hablar de paz en tiempos de guerra es un signo de debilidad; pero es lo contrario. Es la valent\u00eda de los manifestantes por la paz en todo el mundo la que impidi\u00f3 que algunos Gobiernos se involucraran en Afganist\u00e1n, Irak, Libia, Siria, Yemen o cualquiera de las docenas de otros conflictos en curso.<\/p>\n<p>La paz no es s\u00f3lo la ausencia de guerra; es la seguridad real. La seguridad de saber que podr\u00e1s comer, que tus hijas e hijos tendr\u00e1n educaci\u00f3n y cuidados y que un servicio de salud estar\u00e1 ah\u00ed cuando lo necesites. Hoy, para millones de personas, esto no es una realidad. Las consecuencias de la guerra en Ucrania se lo arrebatar\u00e1n a otros millones.<\/p>\n<p>Mientras tanto, muchos pa\u00edses est\u00e1n aumentando el gasto en armamento e invirtiendo recursos en armas cada vez m\u00e1s peligrosas. Los Estados Unidos acaban de aprobar el mayor presupuesto de defensa de su historia. Todos los recursos que se destinan a armamento son recursos que no se utilizan para salud, educaci\u00f3n, vivienda o protecci\u00f3n del medio ambiente.<\/p>\n<p>Este es un momento peligroso y arriesgado. Contemplar el horror y prepararse para m\u00e1s conflictos en el futuro no garantizar\u00e1 que se aborde la crisis clim\u00e1tica, la crisis de la pobreza o el suministro de alimentos. De todas y todos nosotros depende construir y apoyar movimientos que puedan trazar otro rumbo hacia la paz, la seguridad y la justicia para todos y todas.<\/p>\n","protected":false},"excerpt":{"rendered":"<p>Con una lluvia de proyectiles rusos cayendo sobre las ciudades ucranianas, un inquietante alto el fuego en Yemen, el ataque a las y los palestinos durante la oraci\u00f3n en Jerusal\u00e9n y muchos otros conflictos en todo el mundo, a algunos puede parecerles inapropiado hablar de paz. Sin embargo, cuando hay una guerra, es cuando se [&hellip;]<\/p>\n","protected":false},"author":217,"featured_media":0,"comment_status":"closed","ping_status":"closed","sticky":false,"template":"","format":"standard","meta":{"_acf_changed":false,"footnotes":""},"categories":[309],"tags":[318,379,536,448,477,537,372,403,414,375,503,311,380,632,662,663,682,683,664,395,684,665,396,397,398,328,320,312,522,500,381,457,455,501,458,407,408,333,330,323,354,317,314,336,355,383,327],"article-type":[627],"class_list":["post-7571","post","type-post","status-publish","format-standard","hentry","category-globetrotter-es","tag-activism-es","tag-africa-es","tag-africa-democratic-republic-of-the-congo-es","tag-africa-kenya-es","tag-africa-libya-es","tag-africa-rwanda-es","tag-asia-es","tag-asia-india-es","tag-asia-pakistan-es","tag-asia-south-korea-es","tag-asia-vietnam-es","tag-economy-es","tag-europe-es","tag-europe-austria-es","tag-europe-bosnia-and-herzegovina-es","tag-europe-croatia-es","tag-europe-denmark-es","tag-europe-montenegro-es","tag-europe-north-macedonia-es","tag-europe-russia-es","tag-europe-serbia-es","tag-europe-slovenia-es","tag-europe-spain-es","tag-europe-ukraine-es","tag-europe-united-kingdom-es","tag-food-es","tag-history-es","tag-human-rights-es","tag-immigration-es","tag-media-es","tag-middle-east-es","tag-middle-east-afghanistan-es","tag-middle-east-iraq-es","tag-middle-east-israel-es","tag-middle-east-syria-es","tag-middle-east-yemen-es","tag-north-america-es","tag-north-america-united-states-of-america-es","tag-opinion-es","tag-politics-es","tag-portuguese-es","tag-social-benefits-es","tag-social-justice-es","tag-spanish-es","tag-time-sensitive-es","tag-united-nations-es","tag-war-es","article-type-opinion-analysis-es"],"acf":[],"_links":{"self":[{"href":"https:\/\/portal.globetrotter.media\/es\/wp-json\/wp\/v2\/posts\/7571","targetHints":{"allow":["GET"]}}],"collection":[{"href":"https:\/\/portal.globetrotter.media\/es\/wp-json\/wp\/v2\/posts"}],"about":[{"href":"https:\/\/portal.globetrotter.media\/es\/wp-json\/wp\/v2\/types\/post"}],"author":[{"embeddable":true,"href":"https:\/\/portal.globetrotter.media\/es\/wp-json\/wp\/v2\/users\/217"}],"replies":[{"embeddable":true,"href":"https:\/\/portal.globetrotter.media\/es\/wp-json\/wp\/v2\/comments?post=7571"}],"version-history":[{"count":0,"href":"https:\/\/portal.globetrotter.media\/es\/wp-json\/wp\/v2\/posts\/7571\/revisions"}],"wp:attachment":[{"href":"https:\/\/portal.globetrotter.media\/es\/wp-json\/wp\/v2\/media?parent=7571"}],"wp:term":[{"taxonomy":"category","embeddable":true,"href":"https:\/\/portal.globetrotter.media\/es\/wp-json\/wp\/v2\/categories?post=7571"},{"taxonomy":"post_tag","embeddable":true,"href":"https:\/\/portal.globetrotter.media\/es\/wp-json\/wp\/v2\/tags?post=7571"},{"taxonomy":"article-type","embeddable":true,"href":"https:\/\/portal.globetrotter.media\/es\/wp-json\/wp\/v2\/article-type?post=7571"}],"curies":[{"name":"wp","href":"https:\/\/api.w.org\/{rel}","templated":true}]}}