{"id":7385,"date":"2022-08-31T22:51:36","date_gmt":"2022-09-01T02:51:36","guid":{"rendered":"https:\/\/gtmportal.wpenginepowered.com\/2022\/08\/31\/the-most-important-election-in-the-americas-is-in-brazil\/"},"modified":"2023-06-01T16:08:50","modified_gmt":"2023-06-01T20:08:50","slug":"brasil-las-elecciones-mas-importantes-de-la-region","status":"publish","type":"post","link":"https:\/\/portal.globetrotter.media\/es\/2022\/08\/31\/brasil-las-elecciones-mas-importantes-de-la-region\/","title":{"rendered":"Brasil: Las elecciones m\u00e1s importantes de la regi\u00f3n"},"content":{"rendered":"<p>El ex presidente brasile\u00f1o Lu\u00edz In\u00e1cio Lula da Silva (conocido como Lula) camina de aqu\u00ed para all\u00e1 sobre el escenario del Memorial de Latinoam\u00e9rica en S\u00e3o Paulo. Ah\u00ed estuvo el 22 de agosto de 2022, hablando en el lanzamiento de un libro de fotograf\u00edas de Ricardo Stuckert sobre los viajes que el ahora candidato hizo alrededor del mundo durante su presidencia (2003 a 2010). Lula es un hombre bastante en\u00e9rgico. Evoca cuando estuvo en Ir\u00e1n en 2010 con su canciller, Celso Amorim, tratando de mediar y cerrar el conflicto sobre la pol\u00edtica de energ\u00eda nuclear de Ir\u00e1n impuesto por los Estados Unidos. Lula <a href=\"https:\/\/foreignpolicy.com\/2010\/05\/11\/lulas-tehran-misadventure\/\">logr\u00f3 asegurar<\/a> un acuerdo que hubiese evitado la actual campa\u00f1a de presi\u00f3n que Washington conduce contra Teher\u00e1n. Un aire de alivio poblaba el ambiente. Luego, dijo Lula, \u201cObama orin\u00f3 fuera del recipiente\u201d. Seg\u00fan su versi\u00f3n, el para entonces presidente de los Estados Unidos, Barack Obama, <a href=\"https:\/\/www.americasquarterly.org\/article\/lula-is-back-but-which-lula\/\">no lo acept\u00f3<\/a>, pulverizando todo el esfuerzo de llevar a todas las partes a un acuerdo emprendido por la dirigencia brasile\u00f1a.<\/p>\n<p>El relato de Lula pone dos puntos de importancia sobre la mesa: fue capaz de construir el papel de Brasil en Am\u00e9rica Latina al ofrecer liderazgo en la lejana Ir\u00e1n en sus anteriores per\u00edodos como presidente, y no teme expresar su antipat\u00eda por la forma en que los Estados Unidos est\u00e1 hundiendo voluntariamente la posibilidad de paz y progreso en todo el mundo en funci\u00f3n de sus intereses miopes.<\/p>\n<p>El lanzamiento del libro se dio durante su campa\u00f1a presidencial contra el actual gobernante \u2013 <a href=\"https:\/\/thewire.in\/world\/brazil-jair-bolsonaro-election-coup\">profundamente impopular<\/a> \u2013 Jair Bolsonaro. Lula actualmente <a href=\"https:\/\/www.reuters.com\/world\/americas\/lulas-advantage-over-bolsonaro-unchanged-oct-election-2022-08-30\/\">est\u00e1 al frente<\/a> de las encuestas para la primera ronda electoral que se dar\u00e1 el 2 de octubre.<\/p>\n<p>Fernando Haddad, que lanz\u00f3 su candidatura contra Bolsonaro en 2018 y perdi\u00f3 tras recibir <a href=\"https:\/\/theintercept.com\/2018\/10\/28\/jair-bolsonaro-elected-president-brazil\/\">menos del 45%<\/a> de los votos, me dijo que estas elecciones siguen siendo \u201criesgosas\u201d. Puede que las encuestas arrojen que Lula est\u00e1 al frente, pero Bolsonaro es conocido por jugar sucio para asegurar su victoria. La extrema derecha en Brasil, como en muchos otros pa\u00edses, es feroz en sus formas de disputar el poder estatal. Bolsonaro, dijo Haddad, est\u00e1 dispuesto a mentir abiertamente, diciendo cosas ofensivas en los medios de la extrema derecha y luego cuando es confrontado sobre eso en los medios <em>mainstream<\/em>, tiende a fingir ignorancia. \u201c<em>Fake news<\/em>\u201d parece ser <a href=\"https:\/\/theconversation.com\/how-jair-bolsonaro-used-fake-news-to-win-power-109343\">su mejor defensa<\/a> cada vez que lo atacan. En su discurso pol\u00edtico, la izquierda es mucho m\u00e1s sincera: los izquierdistas se niegan a mentir y est\u00e1n ansiosos por traer al centro del debate pol\u00edtico los temas del hambre y el desempleo, la desesperaci\u00f3n y los avances sociales. Pero hay menos inter\u00e9s en estos asuntos y menos ruido sobre ellos en el paisaje medi\u00e1tico que prosperan con las acciones teatrales de Bolsonaro y sus seguidores. La vieja derecha tradicional est\u00e1 tan rebasada como la ultraderecha, que ahora es un espacio comandado por Bolsonaro (la vieja derecha tradicional, los hombres en trajes oscuros que toman las decisiones fumando puros y tomando <em>cacha\u00e7a<\/em> son incapaces de suplantar al actual presidente).<\/p>\n<p>Tanto Bolsonaro como Lula enfrentan un electorado que o bien los aman o los odian. En esta carrera queda muy poco espacio para la ambig\u00fcedad. Bolsonaro no solo representa a la extrema derecha, cuyas opiniones aboga abiertamente, sino que tambi\u00e9n lo hace con grandes secciones de <a href=\"https:\/\/jacobin.com\/2019\/05\/brazil-bolsonaro-workers-party-fiscal-policy\">la clase media<\/a>, cuyas aspiraciones de riqueza permanecen en gran medida intactas a pesar de que la realidad de su situaci\u00f3n econ\u00f3mica <a href=\"https:\/\/link.springer.com\/article\/10.1007\/s43253-021-00051-6\">se ha deteriorado<\/a> en la \u00faltima d\u00e9cada. El contraste entre el comportamiento de Bolsonaro con el de Lula durante sus respectivas campa\u00f1as es total: Bolsonaro ha sido tosco y vulgar, mientras que Lula es refinado y presidencial. Si Lula gana las elecciones, es probable que tenga m\u00e1s votos de aquellos que odian a Bolsonaro, que de aquellos que lo aman a \u00e9l.<\/p>\n<p>La ex presidenta Dilma Rousseff es reflexiva respecto a la v\u00eda para avanzar. Me dijo que probablemente Lula gane porque el pa\u00eds est\u00e1 harto de Bolsonaro. Su <a href=\"https:\/\/www.telesurenglish.net\/news\/Bolsonaro-on-Trial-for-COVID-19-Pandemic-Mismanagement-20220524-0021.html\">horroroso manejo<\/a> de la pandemia de COVID-19 y <a href=\"https:\/\/www.reuters.com\/markets\/us\/brazil-economy-recession-after-q3-contraction-2021-12-02\/\">el deterioro<\/a> de la situaci\u00f3n econ\u00f3mica en el pa\u00eds dejan retratado a Bolsonaro como un administrador ineficiente del Estado brasile\u00f1o. Sin embargo, Rousseff se\u00f1al\u00f3 que a casi un mes antes de las elecciones, el Gobierno de Bolsonaro \u2013 y las gobernaciones regionales \u2013 han estado lanzando pol\u00edticas que comenzaron a aligerarle la carga a la clase media, como <a href=\"https:\/\/www.bloomberg.com\/news\/articles\/2022-08-12\/brazil-s-gasoline-tax-cut-is-mostly-benefiting-the-middle-class#xj4y7vzkg\">el levantamiento<\/a> de los impuestos sobre la gasolina. Estas medidas pudieran llevar a algunas personas a votar por Bolsonaro, pero incluso as\u00ed es poco probable. La situaci\u00f3n pol\u00edtica en Brasil sigue siendo fr\u00e1gil para la izquierda, con los principales bloques en la derecha (el agronegocio, la religi\u00f3n y el ej\u00e9rcito) dispuestos a emplear todos los medios para mantener su control sobre el poder; fue esta coalici\u00f3n la que condujo un \u201c<a href=\"https:\/\/www.leftvoice.org\/a-decisive-step-in-the-reactionary-right-wing-coup\/\">golpe legislativo<\/a>\u201d contra Rousseff en 2016 y se vali\u00f3 del \u201c<a href=\"https:\/\/www.midwesternmarx.com\/articles\/the-return-of-lula-by-yanis-iqbal\"><em>lawfare<\/em><\/a>\u201d, el uso de la ley con motivos pol\u00edticos, contra Lula en 2018 para evitar que lanzara su candidatura contra Bolsonaro. Estas frases (golpe legislativo y <em>lawfare<\/em>) ahora forman parte del vocabulario de la izquierda, que claramente comprende que el bloque de derecha (lo que llaman <em>centr\u00e3o<\/em>) no se detendr\u00e1 en la prosecuci\u00f3n sus intereses de sentirse amenazados.<\/p>\n<p>Jo\u00e3o Paulo Rodrigues, dirigente del <a href=\"https:\/\/thetricontinental.org\/dossier-54-gramsci-mst-rossetto\/\">Movimiento de Trabajadores Sin Tierra<\/a> (MST) es un asesor cercano a la campa\u00f1a de Lula. Me dijo que en la elecci\u00f3n presidencial de 2002, Lula <a href=\"https:\/\/www.economist.com\/the-americas\/2002\/10\/31\/from-pauper-to-president-now-lulas-struggle-really-begins\">gan\u00f3<\/a> contra quien era el gobernante del momento, Fernando Henrique Cardoso, por el inmenso odio a las pol\u00edticas liberales que Cardozo hab\u00eda promovido. La izquierda estaba fragmentada y desmoralizada al momento de la elecci\u00f3n. El tiempo de Lula en el Gobierno, sin embargo, ayud\u00f3 a que la izquierda se movilizara y organizara, aunque incluso en este per\u00edodo el foco de la atenci\u00f3n popular estaba m\u00e1s sobre el propio Lula que en los bloques que compon\u00edan a la izquierda. Durante el tiempo en el que Lula <a href=\"https:\/\/www.reuters.com\/article\/us-brazil-politics-lula\/charges-threat-of-jail-cast-brazils-lula-in-familiar-role-martyr-idUSKCN0WD2JF\">estuvo encarcelado<\/a> acusado de corrupci\u00f3n, algo que la izquierda dice que fue fraudulento, se convirti\u00f3 en la figura que la unific\u00f3: <a href=\"https:\/\/thetricontinental.org\/lula-and-the-battle-for-democracy\/\"><em>Lula Livre<\/em><\/a> fue el eslogan unificador, y la letra L se convirti\u00f3 en el s\u00edmbolo (uno que contin\u00faa siendo usado en esta campa\u00f1a electoral). Mientras que hay otros candidatos de izquierda en la contienda electoral, para Rodrigues no quedan dudas de que el portaestandarte y la \u00fanica esperanza de Brasil para salir del divisivo y altamente peligroso liderazgo del presidente Bolsonaro. Uno de los mecanismos para construir la unidad de las fuerzas populares alrededor de la campa\u00f1a de Lula ha sido la creaci\u00f3n de los <a href=\"https:\/\/uwidata.com\/24689-lulas-presidential-campaign-launch-of-the-popular-committees-of-struggle\/\">Comit\u00e9s Populares<\/a>, que han estado trabajando tanto en la unidad de la izquierda como en la creaci\u00f3n de una agenda para su Gobierno (que incluir\u00e1 la reforma agraria y pol\u00edticas m\u00e1s robustas para las comunidades ind\u00edgena y afrobrasile\u00f1a).<\/p>\n<p>Las condiciones internacionales para una tercera presidencia de Lula tienen la suerte a favor, me dijo Rousseff. En Am\u00e9rica Latina, un rango amplio de Gobiernos de centro-izquierda han llegado al poder (incluyendo en <a href=\"https:\/\/peoplesdispatch.org\/2021\/12\/20\/left-candidate-gabriel-boric-wins-presidential-elections-in-chile\/\">Chile<\/a> y <a href=\"https:\/\/peoplesdispatch.org\/2022\/07\/14\/meet-the-ministerial-cabinet-of-colombias-first-left-wing-government\/\">Colombia<\/a>). Pese a que no son Gobiernos socialistas, no obstante, est\u00e1n comprometidos en construir la soberan\u00eda de sus pa\u00edses y crear una vida dignificada para sus ciudadanos. Brasil, el tercer pa\u00eds m\u00e1s grande de Am\u00e9rica (detr\u00e1s de Canad\u00e1 y los Estados Unidos), puede jugar un papel de liderazgo en la conducci\u00f3n de esta nueva ola de Gobiernos de izquierda en el hemisferio, dijo Rousseff. Haddad me dijo que su pa\u00eds pudiera liderar un nuevo proyecto regional, que incluir\u00eda la creaci\u00f3n de una divisa regional (el <a href=\"https:\/\/www1.folha.uol.com.br\/ilustrissima\/2022\/04\/criacao-de-moeda-sul-americana-pode-acelerar-integracao-regional.shtml\">sur<\/a>) que no s\u00f3lo ser\u00eda empleada para el comercio transfronterizo sino tambi\u00e9n para crear fondos de reserva. En este momento Haddad est\u00e1 lanzando su candidatura para <a href=\"https:\/\/brazilian.report\/liveblog\/2022\/03\/17\/haddad-undecided-voters\/\">ser gobernador<\/a> de S\u00e3o Paulo, cuya ciudad m\u00e1s importante es la capital financiera del pa\u00eds. Una moneda regional de este tipo, cree Haddad, resolver\u00eda los conflictos en el hemisferio y construir\u00e1 nuevos nexos comerciales que necesitan ser independientes de las grandes cadenas de suministros que fueron desestabilizadas por la pandemia. \u201cDios mediante, crearemos una moneda com\u00fan en Am\u00e9rica Latina porque no tenemos que depender del d\u00f3lar\u201d, <a href=\"https:\/\/veja.abril.com.br\/coluna\/jose-casado\/lula-resgata-a-ideia-da-independencia-do-dolar\/\">dijo<\/a> Lula en mayo de este a\u00f1o.<\/p>\n<p>Rousseff est\u00e1 ansiosa por que Brasil regrese a la escena mundial a trav\u00e9s del bloque de los BRICS (Brasil, Rusia, India, China y Sur\u00e1frica), y ofrezca el tipo de liderazgo de izquierda que ella y Lula le dieron a esa plataforma hace una d\u00e9cada. El mundo, dijo Rousseff, necesita de una tribuna as\u00ed para ofrecer una direcci\u00f3n que no se base en amenazas, sanciones y guerra. La an\u00e9cdota de Lula sobre el acuerdo con Ir\u00e1n es descriptiva ya que demuestra que un pa\u00eds como Brasil bajo un mandato de izquierda est\u00e1 m\u00e1s que dispuesto a resolver los conflictos en lugar de exacerbarlos, como lo han hecho los Estados Unidos. Hay esperanza, se\u00f1al\u00f3 Rousseff, de que una presidencia Lula ofrezca ese liderazgo robusto para un mundo que parece desmoronarse debido al sinn\u00famero de desaf\u00edos como la cat\u00e1strofe clim\u00e1tica, la guerra y la toxicidad social.<\/p>\n","protected":false},"excerpt":{"rendered":"<p>El ex presidente brasile\u00f1o Lu\u00edz In\u00e1cio Lula da Silva (conocido como Lula) camina de aqu\u00ed para all\u00e1 sobre el escenario del Memorial de Latinoam\u00e9rica en S\u00e3o Paulo. Ah\u00ed estuvo el 22 de agosto de 2022, hablando en el lanzamiento de un libro de fotograf\u00edas de Ricardo Stuckert sobre los viajes que el ahora candidato hizo [&hellip;]<\/p>\n","protected":false},"author":31,"featured_media":0,"comment_status":"closed","ping_status":"closed","sticky":false,"template":"","format":"standard","meta":{"_acf_changed":false,"footnotes":""},"categories":[309],"tags":[318,353,373,403,311,395,316,320,325,500,399,408,333,330,323,354,321,314,319,401,322,507,336,355,356,327],"article-type":[627],"class_list":["post-7385","post","type-post","status-publish","format-standard","hentry","category-globetrotter-es","tag-activism-es","tag-africa-south-africa-es","tag-asia-china-es","tag-asia-india-es","tag-economy-es","tag-europe-russia-es","tag-gop-right-wing-es","tag-history-es","tag-indigenous-resistance-es","tag-media-es","tag-middle-east-iran-es","tag-north-america-es","tag-north-america-united-states-of-america-es","tag-opinion-es","tag-politics-es","tag-portuguese-es","tag-presidential-elections-es","tag-social-justice-es","tag-south-america-es","tag-south-america-brazil-es","tag-south-america-chile-es","tag-south-america-colombia-es","tag-spanish-es","tag-time-sensitive-es","tag-trade-es","tag-war-es","article-type-opinion-analysis-es"],"acf":[],"_links":{"self":[{"href":"https:\/\/portal.globetrotter.media\/es\/wp-json\/wp\/v2\/posts\/7385","targetHints":{"allow":["GET"]}}],"collection":[{"href":"https:\/\/portal.globetrotter.media\/es\/wp-json\/wp\/v2\/posts"}],"about":[{"href":"https:\/\/portal.globetrotter.media\/es\/wp-json\/wp\/v2\/types\/post"}],"author":[{"embeddable":true,"href":"https:\/\/portal.globetrotter.media\/es\/wp-json\/wp\/v2\/users\/31"}],"replies":[{"embeddable":true,"href":"https:\/\/portal.globetrotter.media\/es\/wp-json\/wp\/v2\/comments?post=7385"}],"version-history":[{"count":0,"href":"https:\/\/portal.globetrotter.media\/es\/wp-json\/wp\/v2\/posts\/7385\/revisions"}],"wp:attachment":[{"href":"https:\/\/portal.globetrotter.media\/es\/wp-json\/wp\/v2\/media?parent=7385"}],"wp:term":[{"taxonomy":"category","embeddable":true,"href":"https:\/\/portal.globetrotter.media\/es\/wp-json\/wp\/v2\/categories?post=7385"},{"taxonomy":"post_tag","embeddable":true,"href":"https:\/\/portal.globetrotter.media\/es\/wp-json\/wp\/v2\/tags?post=7385"},{"taxonomy":"article-type","embeddable":true,"href":"https:\/\/portal.globetrotter.media\/es\/wp-json\/wp\/v2\/article-type?post=7385"}],"curies":[{"name":"wp","href":"https:\/\/api.w.org\/{rel}","templated":true}]}}