{"id":7298,"date":"2022-11-30T14:28:12","date_gmt":"2022-11-30T19:28:12","guid":{"rendered":"https:\/\/gtmportal.wpenginepowered.com\/2022\/11\/30\/is-russia-really-the-reason-why-mali-continues-to-push-france-away\/"},"modified":"2023-06-01T14:14:31","modified_gmt":"2023-06-01T18:14:31","slug":"es-realmente-rusia-la-razon-por-la-que-mali-sigue-alejando-a-francia","status":"publish","type":"post","link":"https:\/\/portal.globetrotter.media\/es\/2022\/11\/30\/es-realmente-rusia-la-razon-por-la-que-mali-sigue-alejando-a-francia\/","title":{"rendered":"\u00bfEs realmente Rusia la raz\u00f3n por la que Mal\u00ed sigue alejando a Francia?"},"content":{"rendered":"<p>El 21 de noviembre de 2022, el primer ministro interino de Mal\u00ed, coronel Abdoulaye Ma\u00efga, <a href=\"https:\/\/www.facebook.com\/story.php?story_fbid=3606804489543380&amp;id=2329224887301353&amp;p=17\">inform\u00f3<\/a>, v\u00eda redes sociales, que Mal\u00ed ha <a href=\"https:\/\/www.france24.com\/en\/africa\/20221121-mali-junta-bans-activities-of-ngos-funded-by-france\">decidido<\/a> \u201cprohibir, con efecto inmediato, todas las actividades realizadas por las ONG que operan en Mal\u00ed con financiaci\u00f3n o apoyo material o t\u00e9cnico de Francia\u201d. Unos d\u00edas antes, el Gobierno franc\u00e9s cort\u00f3 la Ayuda Oficial al Desarrollo (AOD) a Mal\u00ed por considerar que su Gobierno est\u00e1 \u201caliado con los mercenarios rusos de Wagner\u201d. El coronel Ma\u00efga <a href=\"https:\/\/www.jeuneafrique.com\/1395160\/politique\/le-mali-bannit-les-activites-des-ong-financees-par-la-france\/\">declar\u00f3<\/a> que se trata de \u201cacusaciones fantasiosas\u201d y un \u201csubterfugio destinado a enga\u00f1ar y manipular a la opini\u00f3n p\u00fablica nacional e internacional\u201d.<\/p>\n<p>Durante el 2022, las tensiones entre Francia y Mal\u00ed aumentaron. En 2013, la antigua potencia colonial <a href=\"https:\/\/www.cfr.org\/global-conflict-tracker\/conflict\/destabilization-mali\">regres\u00f3<\/a> a Mal\u00ed con una intervenci\u00f3n militar para combatir el aumento de la insurgencia islamista en la mitad norte del pa\u00eds; en mayo de 2022, el Gobierno militar de Mal\u00ed <a href=\"https:\/\/peoplesdispatch.org\/2022\/05\/12\/malis-military-ejects-france-but-faces-serious-challenges\/\">expuls\u00f3<\/a> a las tropas francesas. Esa decisi\u00f3n lleg\u00f3 tras <a href=\"https:\/\/www.france24.com\/en\/africa\/20220114-in-mali-france-is-paying-the-price-for-its-own-ambiguity-expert-says\">varios meses<\/a> de acusaciones entre Par\u00eds y Bamako que reflejaban el aumento del <a href=\"https:\/\/www.counterpunch.org\/2022\/10\/19\/charting-the-rise-of-anti-french-sentiment-across-northern-africa\/\">sentimiento<\/a> antifranc\u00e9s en toda la regi\u00f3n africana del Sahel.<\/p>\n<p>Un nuevo estallido anticolonial se extiende por las antiguas colonias de Francia, donde los debates se centran en romper con el dominio franc\u00e9s sobre sus econom\u00edas y poner fin a la intervenci\u00f3n militar. Desde 2019, los pa\u00edses que forman parte de la <a href=\"https:\/\/bit.ly\/3Ucjh0f\">Uni\u00f3n Econ\u00f3mica y Monetaria de \u00c1frica Occidental<\/a> y de la <a href=\"https:\/\/www.cemac.int\/\">Comunidad Econ\u00f3mica y Monetaria de \u00c1frica Central<\/a> han ido retirando el control franc\u00e9s sobre sus econom\u00edas (por ejemplo, en 2020, Francia <a href=\"https:\/\/www.lemonde.fr\/afrique\/article\/2020\/05\/21\/la-france-acte-officiellement-la-fin-du-franc-cfa-en-afrique-de-l-ouest_6040339_3212.html\">anunci\u00f3<\/a> oficialmente que, para \u00c1frica Occidental, pondr\u00edan fin a la obligaci\u00f3n de los pa\u00edses de depositar la mitad de sus reservas de divisas en el Tesoro franc\u00e9s a trav\u00e9s del antiguo instrumento colonial del franco CFA). Seg\u00fan una <a href=\"https:\/\/www.lemonde.fr\/international\/article\/2016\/01\/11\/l-etrange-memo-americain-sur-la-tresorerie-de-kadhafi_4844960_3210.html\">historia<\/a> que circul\u00f3 en \u00c1frica Occidental y el Sahel \u2013 acreditada por un correo electr\u00f3nico enviado por un \u201casesor no oficial\u201d de la ex secretaria de Estado de EE. UU., Hillary Clinton \u2013, una de las razones por las que el entonces presidente de Francia, Nicolas Sarkozy, quiso derrocar a Muammar Gaddafi en 2011 fue porque el l\u00edder libio hab\u00eda propuesto una nueva moneda africana en lugar del franco CFA.<\/p>\n<p>Francia niega que el motivo de esta tensi\u00f3n con Mal\u00ed se deba al nuevo estado de \u00e1nimo anticolonial, sino a la <a href=\"https:\/\/www.jeuneafrique.com\/1395160\/politique\/le-mali-bannit-les-activites-des-ong-financees-par-la-france\/\">cercan\u00eda<\/a> de Mal\u00ed con Rusia. El ej\u00e9rcito de Mal\u00ed ha ido estrechando cada vez m\u00e1s sus lazos con el Gobierno y el ej\u00e9rcito rusos. El ministro de Defensa, coronel Sadio Camara, y el jefe del Estado Mayor de la Fuerza A\u00e9rea, el general Alou Bo\u00ef Diarra, est\u00e1n <a href=\"https:\/\/www.theafricareport.com\/183034\/mali-russia-sadio-camara-and-alou-boi-diarra-are-on-a-secret-mission-in-moscow\/\">considerados<\/a> como \u201clos art\u00edfices\u201d de un acuerdo alcanzado en 2021 entre los militares malienses y el grupo Wagner para <a href=\"https:\/\/www.jeuneafrique.com\/1314123\/politique\/wagner-au-mali-enquete-exclusive-sur-les-mercenaires-de-poutine\/\">introducir<\/a> varios centenares de mercenarios en Mal\u00ed en el marco de la campa\u00f1a contra los grupos yihadistas.<\/p>\n<p>Los soldados de Wagner est\u00e1n en Mal\u00ed, pero no son la causa de las desavenencias entre Par\u00eds y Bamako. El temperamento anticolonial es anterior a la entrada de Wagner, que Francia utiliza como excusa para ocultar su humillaci\u00f3n.<\/p>\n","protected":false},"excerpt":{"rendered":"<p>El 21 de noviembre de 2022, el primer ministro interino de Mal\u00ed, coronel Abdoulaye Ma\u00efga, inform\u00f3, v\u00eda redes sociales, que Mal\u00ed ha decidido \u201cprohibir, con efecto inmediato, todas las actividades realizadas por las ONG que operan en Mal\u00ed con financiaci\u00f3n o apoyo material o t\u00e9cnico de Francia\u201d. Unos d\u00edas antes, el Gobierno franc\u00e9s cort\u00f3 la [&hellip;]<\/p>\n","protected":false},"author":31,"featured_media":0,"comment_status":"closed","ping_status":"closed","sticky":false,"template":"","format":"standard","meta":{"_acf_changed":false,"footnotes":""},"categories":[309],"tags":[379,477,478,311,393,395,320,333,330,323,336,355,356,327],"article-type":[627],"class_list":["post-7298","post","type-post","status-publish","format-standard","hentry","category-globetrotter-es","tag-africa-es","tag-africa-libya-es","tag-africa-mali-es","tag-economy-es","tag-europe-france-es","tag-europe-russia-es","tag-history-es","tag-north-america-united-states-of-america-es","tag-opinion-es","tag-politics-es","tag-spanish-es","tag-time-sensitive-es","tag-trade-es","tag-war-es","article-type-opinion-analysis-es"],"acf":[],"_links":{"self":[{"href":"https:\/\/portal.globetrotter.media\/es\/wp-json\/wp\/v2\/posts\/7298","targetHints":{"allow":["GET"]}}],"collection":[{"href":"https:\/\/portal.globetrotter.media\/es\/wp-json\/wp\/v2\/posts"}],"about":[{"href":"https:\/\/portal.globetrotter.media\/es\/wp-json\/wp\/v2\/types\/post"}],"author":[{"embeddable":true,"href":"https:\/\/portal.globetrotter.media\/es\/wp-json\/wp\/v2\/users\/31"}],"replies":[{"embeddable":true,"href":"https:\/\/portal.globetrotter.media\/es\/wp-json\/wp\/v2\/comments?post=7298"}],"version-history":[{"count":0,"href":"https:\/\/portal.globetrotter.media\/es\/wp-json\/wp\/v2\/posts\/7298\/revisions"}],"wp:attachment":[{"href":"https:\/\/portal.globetrotter.media\/es\/wp-json\/wp\/v2\/media?parent=7298"}],"wp:term":[{"taxonomy":"category","embeddable":true,"href":"https:\/\/portal.globetrotter.media\/es\/wp-json\/wp\/v2\/categories?post=7298"},{"taxonomy":"post_tag","embeddable":true,"href":"https:\/\/portal.globetrotter.media\/es\/wp-json\/wp\/v2\/tags?post=7298"},{"taxonomy":"article-type","embeddable":true,"href":"https:\/\/portal.globetrotter.media\/es\/wp-json\/wp\/v2\/article-type?post=7298"}],"curies":[{"name":"wp","href":"https:\/\/api.w.org\/{rel}","templated":true}]}}