{"id":7134,"date":"2023-04-26T21:44:26","date_gmt":"2023-04-27T01:44:26","guid":{"rendered":"https:\/\/gtmportal.wpenginepowered.com\/2023\/04\/26\/young-people-from-the-u-s-travel-to-cuba-and-break-the-siege\/"},"modified":"2023-05-28T17:46:42","modified_gmt":"2023-05-28T21:46:42","slug":"jovenes-de-ee-uu-viajan-a-cuba-y-rompen-el-cerco","status":"publish","type":"post","link":"https:\/\/portal.globetrotter.media\/es\/2023\/04\/26\/jovenes-de-ee-uu-viajan-a-cuba-y-rompen-el-cerco\/","title":{"rendered":"J\u00f3venes de EE.UU. viajan a Cuba y rompen el cerco"},"content":{"rendered":"<p>Es una calurosa y concurrida ma\u00f1ana de martes en el Centro Cultural Yoruba, de La Habana, y el aire se pega a la piel. Se oye el revoloteo de los papeles cuando la gente se abanica, y un apag\u00f3n inesperado apaga el equipo de sonido con un parpadeo de las luces. En este contexto, 150 j\u00f3venes activistas de los Estados Unidos se sientan hombro a hombro, escuchando atentamente a dos l\u00edderes del movimiento cultural en Cuba. Hacen cola a lo largo de la sala con la esperanza de poder formular su pregunta \u2013 sobre el cambio clim\u00e1tico, la vivienda, la lucha contra el racismo, la esperanza en el futuro \u2013 antes de que se acabe el tiempo.<\/p>\n<p>Esta energ\u00eda impregna e impulsa a la Brigada Primero de Mayo de 2023: un agudo sentido de la curiosidad afinado por la responsabilidad de esta empresa hist\u00f3rica. La Asamblea Internacional de los Pueblos invit\u00f3 a j\u00f3venes activistas de base de toda la diversidad de luchas de los Estados Unidos a participar en un intercambio crucial en Cuba, una experiencia de la que ellos y su generaci\u00f3n se vieron privados por el bloqueo de 60 a\u00f1os. Esta brigada, el mayor grupo que viaja en d\u00e9cadas, es una intervenci\u00f3n en los interminables intentos de los Estados Unidos por silenciar y estrangular los \u00e9xitos del proyecto socialista cubano. Como dijo en el panel de la ma\u00f1ana Zuleica Romay, directora del programa de Estudios Afroamericanos de Casa de las Am\u00e9ricas: \u201cCuba tambi\u00e9n es v\u00edctima de sus propios \u00e9xitos\u201d.<\/p>\n<p>Y, sin embargo, estos \u00e9xitos son contagiosos y ganados a pulso. En su primer d\u00eda, los j\u00f3venes se entrevistaron con l\u00edderes locales, movilizados en las mismas \u00e1reas de lucha que ellos en su territorio. Los organizadores de inquilinos se informaron sobre la situaci\u00f3n de la vivienda, ya que m\u00e1s del 80% de los cubanos son propietarios (el resto est\u00e1 en v\u00edas de serlo), pero tambi\u00e9n sobre la dificultad de construir lo suficiente para una poblaci\u00f3n creciente agobiada por el bloqueo. Los l\u00edderes negros preguntaron por los esfuerzos contra el racismo despu\u00e9s de que 500 a\u00f1os de colonialismo sembraran la semilla de la segregaci\u00f3n y la violencia en la isla. Quienes luchan por la liberaci\u00f3n queer en los Estados Unidos conocieron el hist\u00f3rico C\u00f3digo de las Familias, aprobado y editado por seis millones de cubanos que propusieron cientos de miles de cambios. El innovador c\u00f3digo abarca todas las cuestiones de la unidad familiar, desde el matrimonio entre personas del mismo sexo hasta el cuidado de ancianos, pasando por la maternidad subrogada y las estructuras familiares no normativas. Abel Prieto, presidente de Casa de las Am\u00e9ricas, nos dijo: \u201cHay algo que el Gobierno de EE.UU. nunca ha entendido y es que algo se plant\u00f3 aqu\u00ed en Cuba, este principio de justicia social, de democracia popular, de igualdad, de participaci\u00f3n del pueblo en el proceso pol\u00edtico. Y esto no se ha debilitado\u201d. Mientras tanto, estos j\u00f3venes activistas explican repetidamente el actual retroceso de los derechos de las personas trans en Florida, a medida que el Estado aprueba una amplia prohibici\u00f3n de la atenci\u00f3n a las personas trans (una prohibici\u00f3n que llega incluso a despojar de sus derechos parentales a quienes apoyan a sus hijos trans). Muchos de los presentes asienten con la cabeza.<\/p>\n<p>Sin embargo, a estos j\u00f3venes activistas no se les escapa que han llegado a Cuba en un momento de profunda crisis econ\u00f3mica. Mientras admiran los famosos coches cubanos de los a\u00f1os 50 rodando por La Habana Vieja, saben lo preciado que es el combustible en este preciso momento, impedido por el bloqueo. Biden no da se\u00f1ales de levantar las sanciones, ni de sacar al pa\u00eds de la lista de Estados patrocinadores del terrorismo que le impide acceder al sistema financiero mundial. Es este sistema de medidas coercitivas unilaterales el que hace casi imposible que los j\u00f3venes sean testigos de los logros de un proceso socialista. Es la pol\u00edtica exterior de los Estados Unidos en su forma m\u00e1s irracional y m\u00e1s mort\u00edfera, mientras contin\u00faa su asedio a Cuba. Nunca ha sido m\u00e1s urgente levantar el bloqueo, por la supervivencia del pueblo cubano y por el futuro de los Estados Unidos. Estos j\u00f3venes activistas est\u00e1n luchando por un mundo mejor, y este primer d\u00eda es s\u00f3lo un atisbo de un futuro con relaciones normales entre los Estados Unidos y esta isla a s\u00f3lo 90 millas de distancia.<\/p>\n","protected":false},"excerpt":{"rendered":"<p>Es una calurosa y concurrida ma\u00f1ana de martes en el Centro Cultural Yoruba, de La Habana, y el aire se pega a la piel. Se oye el revoloteo de los papeles cuando la gente se abanica, y un apag\u00f3n inesperado apaga el equipo de sonido con un parpadeo de las luces. En este contexto, 150 [&hellip;]<\/p>\n","protected":false},"author":212,"featured_media":0,"comment_status":"closed","ping_status":"closed","sticky":false,"template":"","format":"standard","meta":{"_acf_changed":false,"footnotes":""},"categories":[309],"tags":[318,377,311,334,392,333,330,355,356],"article-type":[627],"class_list":["post-7134","post","type-post","status-publish","format-standard","hentry","category-globetrotter-es","tag-activism-es","tag-biden-es","tag-economy-es","tag-interview-es","tag-north-america-cuba-es","tag-north-america-united-states-of-america-es","tag-opinion-es","tag-time-sensitive-es","tag-trade-es","article-type-opinion-analysis-es"],"acf":[],"_links":{"self":[{"href":"https:\/\/portal.globetrotter.media\/es\/wp-json\/wp\/v2\/posts\/7134","targetHints":{"allow":["GET"]}}],"collection":[{"href":"https:\/\/portal.globetrotter.media\/es\/wp-json\/wp\/v2\/posts"}],"about":[{"href":"https:\/\/portal.globetrotter.media\/es\/wp-json\/wp\/v2\/types\/post"}],"author":[{"embeddable":true,"href":"https:\/\/portal.globetrotter.media\/es\/wp-json\/wp\/v2\/users\/212"}],"replies":[{"embeddable":true,"href":"https:\/\/portal.globetrotter.media\/es\/wp-json\/wp\/v2\/comments?post=7134"}],"version-history":[{"count":0,"href":"https:\/\/portal.globetrotter.media\/es\/wp-json\/wp\/v2\/posts\/7134\/revisions"}],"wp:attachment":[{"href":"https:\/\/portal.globetrotter.media\/es\/wp-json\/wp\/v2\/media?parent=7134"}],"wp:term":[{"taxonomy":"category","embeddable":true,"href":"https:\/\/portal.globetrotter.media\/es\/wp-json\/wp\/v2\/categories?post=7134"},{"taxonomy":"post_tag","embeddable":true,"href":"https:\/\/portal.globetrotter.media\/es\/wp-json\/wp\/v2\/tags?post=7134"},{"taxonomy":"article-type","embeddable":true,"href":"https:\/\/portal.globetrotter.media\/es\/wp-json\/wp\/v2\/article-type?post=7134"}],"curies":[{"name":"wp","href":"https:\/\/api.w.org\/{rel}","templated":true}]}}