{"id":12583,"date":"2026-04-10T08:31:35","date_gmt":"2026-04-10T12:31:35","guid":{"rendered":"https:\/\/portal.globetrotter.media\/?p=12583"},"modified":"2026-04-10T08:31:35","modified_gmt":"2026-04-10T12:31:35","slug":"ecuador-una-cuasi-dictadura-alineada-con-la-doctrina-donroe","status":"publish","type":"post","link":"https:\/\/portal.globetrotter.media\/es\/2026\/04\/10\/ecuador-una-cuasi-dictadura-alineada-con-la-doctrina-donroe\/","title":{"rendered":"Ecuador: una cuasi dictadura alineada con la Doctrina \u201cDonroe\u201d"},"content":{"rendered":"<p>Tras perder en la consulta popular del 16 de noviembre de 2025 \u2013 cuando el pueblo ecuatoriano rechaz\u00f3 las cuatro preguntas del Gobierno, incluida la que abr\u00eda la puerta a bases militares extranjeras \u2013 el r\u00e9gimen de Daniel Noboa aceler\u00f3 el ataque a la democracia. En las semanas siguientes despleg\u00f3 una operaci\u00f3n en varios frentes que, le\u00eddos en conjunto, configuran una semi-dictadura que ha entregado la soberan\u00eda del pa\u00eds al proyecto geoestrat\u00e9gico estadounidense, mientras elimina judicialmente a su principal adversario pol\u00edtico y prepara elecciones sin competencia real.<\/p>\n<p><b>Los Estados Unidos demarca el territorio<\/b><\/p>\n<p>El 5 de marzo de 2026, el secretario de Guerra estadounidense Pete Hegseth anunci\u00f3 en la \u201cConferencia de las Am\u00e9ricas contra los C\u00e1rteles\u201d la doctrina de la \u201cGran Norteam\u00e9rica\u201d: todos los territorios al norte de la l\u00ednea ecuatorial, incluido el Ecuador, constituyen el \u201cper\u00edmetro de seguridad inmediato\u201d de los Estados Unidos. Doce d\u00edas despu\u00e9s, el subsecretario adjunto de Defensa Joseph Humire declar\u00f3 ante el Congreso que Ecuador \u201cse convirti\u00f3 en el primer pa\u00eds latinoamericano en llevar a cabo ataques terrestres conjuntos contra infraestructura de c\u00e1rteles\u201d. Hegseth lo celebr\u00f3: \u201cPrimero Ecuador. Ahora el Pac\u00edfico Oriental\u201d. Ecuador se convirti\u00f3 en el piloto de este plan.<\/p>\n<p>Esto ocurre en directa contradicci\u00f3n con el voto de noviembre: el 67% rechaz\u00f3 las bases militares extranjeras. La cadena de instrumentos ya firmados con los EE. UU. configura una ocupaci\u00f3n de aire, mar, tierra y ciberespacio ecuatorianos, incluido el uso del archipi\u00e9lago de las Gal\u00e1pagos \u2013nodo clave del Pol\u00edgono de Seguridad del Pac\u00edfico en el trazado b\u00e9lico de Washington para el cerco geopol\u00edtico a China. Estos tratados, por lo que sabemos a la fecha, son: el Acuerdo sobre el Estatuto de las Fuerzas (<a href=\"https:\/\/www.defensa.gob.ec\/wp-content\/uploads\/downloads\/2024\/08\/104.-SOFA-FIRMADO-ESPANOL.pdf\">SOFA<\/a>), que proporciona inmunidad diplom\u00e1tica a las fuerzas estadounidenses en suelo ecuatoriano; un acuerdo<a href=\"https:\/\/www.defensa.gob.ec\/wp-content\/uploads\/downloads\/2024\/08\/105.-SHIPRIDERS-ACUERDO-FIRMADO-ESPANOL.pdf\"> Shiprider<\/a> que permite a las fuerzas armadas estadounidenses entrar las \u00e1reas marinas y el espacio a\u00e9reo ecuatoriano para detener, abordar e inspeccionar naves que se sospecha transporten drogas; y la Ley de Cooperaci\u00f3n Ecuador-Estados Unidos, que entre otros puntos incluye la injerencia de los Estados Unidos en el \u201cfortalecimiento\u201d del sistema de justicia y en la utilizaci\u00f3n de las fuerzas del orden para combatir la corrupci\u00f3n.<\/p>\n<p><b>La cancha vac\u00eda: proscripci\u00f3n y fraude electoral<\/b><\/p>\n<p>El 6 de marzo, un d\u00eda despu\u00e9s del anuncio de Hegseth, el juez del Tribunal Contencioso Electoral (TCE) Joaqu\u00edn Viteri orden\u00f3 la suspensi\u00f3n provisional por nueve meses de Revoluci\u00f3n Ciudadana (RC), el principal partido de oposici\u00f3n. La medida se adopt\u00f3 en menos de 48 horas, a partir de una denuncia del fiscal general encargado en el caso \u201cCaja Chica\u201d. El abogado del movimiento se\u00f1al\u00f3 que el proceso involucra a personas naturales, no a la organizaci\u00f3n pol\u00edtica, lo que hace la medida procesalmente inviable. El TCE la ratific\u00f3 el 26 de marzo. Junto con la RC, enfrentan la disoluci\u00f3n los partidos Unidad Popular, de izquierda, y Construye, de derecha.<\/p>\n<p>Tres semanas despu\u00e9s, el Consejo Nacional Electoral (CNE) vot\u00f3 4 a 1 para adelantar las elecciones de gobiernos locales del 14 de febrero de 2027 al 29 de noviembre de 2026, con el pretexto del riesgo de lluvias por el Fen\u00f3meno del Ni\u00f1o. Ni el Ni\u00f1o de 1998, mucho m\u00e1s fuerte de lo que se espera que sea este, ni la pandemia generaron un adelanto de las elecciones en Ecuador. La raz\u00f3n estructural es matem\u00e1tica: el per\u00edodo de inscripci\u00f3n de candidaturas \u2013 del 2 al 17 de agosto de 2026 \u2013 cae dentro de los nueve meses de suspensi\u00f3n de la RC. La principal fuerza opositora no podr\u00eda presentar candidatos. Cuando llegaron las primeras demandas de inconstitucionalidad de este acto a la Corte Constitucional, la presidenta del CNE, Diana Atamaint, amenaz\u00f3 a los jueces con sanciones si interven\u00edan.<\/p>\n<p><b>La venta del pa\u00eds<\/b><\/p>\n<p>A finales de marzo, Noboa firm\u00f3 con Washington un \u201c<a href=\"https:\/\/www.produccion.gob.ec\/wp-content\/uploads\/2026\/03\/ACUERDO-RECIPROCO-DE-COMERCIO-ENTRE-ECUADOR-Y-ESTADOS-UNIDOS-ESPANOL.pdf\">acuerdo<\/a> comercial rec\u00edproco\u201d cuya reciprocidad es una ficci\u00f3n: permitir\u00e1 a empresas estadounidenses retirar ganancias sin pagar impuestos, obligar\u00e1 al pa\u00eds a transferir datos personales de su ciudadan\u00eda a los Estados Unidos, y forzar\u00e1 la aceptaci\u00f3n de est\u00e1ndares sanitarios de los EE. UU. para importaciones agr\u00edcolas, liquidando la soberan\u00eda alimentaria. A ello se suma la \u201calianza estrat\u00e9gica\u201d firmada en marzo de 2025 con Erik Prince, titular de Academi, ex Blackwater, en violaci\u00f3n de la Constituci\u00f3n y de la Convenci\u00f3n Internacional contra el reclutamiento de mercenarios de la cual el Ecuador es signatario. Lo que se vende no son solo condiciones arancelarias: es el pa\u00eds entero.<\/p>\n<p><b>Guerra hacia afuera, represi\u00f3n hacia adentro<\/b><\/p>\n<p>Los d\u00edas 16 y 17 de marzo, fuerzas ecuatorianas realizaron un operativo conjunto con los Estados Unidos en la frontera con Colombia y seg\u00fan las autoridades colombianas bombardearon territorio colombiano causando 27 muertes. El Pent\u00e1gono enmarc\u00f3 la operaci\u00f3n como \u201cOperaci\u00f3n Exterminio Total de Narcoterroristas\u201d, el mismo t\u00e9rmino que el r\u00e9gimen aplica, sin ninguna evidencia, a movimientos sociales e ind\u00edgenas. El operativo destruy\u00f3 una <a href=\"https:\/\/www.nytimes.com\/2026\/03\/24\/world\/americas\/us-ecuador-drug-camp-bombing-dairy-farm.html\">granja lechera<\/a>, no un local de producci\u00f3n de drogas.<\/p>\n<p>Tambi\u00e9n en marzo, la Corte Constitucional fall\u00f3 que las Fuerzas Armadas fueron responsables de la desaparici\u00f3n forzada y muerte de cuatro ni\u00f1os afroecuatorianos en diciembre de 2024, cuyos cuerpos calcinados aparecieron en una carretera. El 25 de marzo, el Comit\u00e9 de la ONU sobre Desapariciones Forzadas document\u00f3 al menos 51 v\u00edctimas, incluidos menores, perpetradas por agencias de seguridad del Estado, mayoritariamente en comunidades afroecuatorianas de Esmeraldas, Guayas y Los R\u00edos.<\/p>\n<p>Las autoridades de partidos de oposici\u00f3n electas son perseguidas: el alcalde de Guayaquil (la mayor ciudad del pa\u00eds) est\u00e1 en prisi\u00f3n preventiva en un proceso cuestionado; el alcalde de Quito fue enjuiciado en un caso de <i>lawfare<\/i>. Por lo menos diez dirigentes ind\u00edgenas, dirigentes de movimientos sociales y colectivos opositores<a href=\"https:\/\/www.instagram.com\/p\/DWnEn7uDlXS\/?utm_source=ig_web_copy_link&amp;igsh=MzRlODBiNWFlZA==\"> acumulan procesos<\/a> judiciales, cuentas congeladas y retirada de derechos.<\/p>\n<p>Estos cinco frentes \u2013 integraci\u00f3n al aparato de guerra de los EE.UU., proscripci\u00f3n de la oposici\u00f3n, manipulaci\u00f3n del calendario electoral, entrega de soberan\u00eda econ\u00f3mica y represi\u00f3n interna \u2013 son los componentes de una misma operaci\u00f3n. El r\u00e9gimen de Noboa expresa la l\u00f3gica de unas \u00e9lites cuya reproducci\u00f3n depende no del desarrollo del pa\u00eds sino del sostenimiento de la dominaci\u00f3n imperial y de la obediencia a la Doctrina \u201cDonroe\u201d. Que Noboa necesite eliminar a su principal rival pol\u00edtico, la RC, mediante suspensi\u00f3n judicial y fraude en el calendario revela que el Gobierno no tiene la correlaci\u00f3n de fuerzas que pretende tener. La resistencia contin\u00faa. El pueblo ecuatoriano demostr\u00f3, con el paro de septiembre-octubre de 2025, que sabe lo que est\u00e1 pasando y que est\u00e1 en lucha, pese al acoso y persecuci\u00f3n constantes.<\/p>\n","protected":false},"excerpt":{"rendered":"<p>Tras perder en la consulta popular del 16 de noviembre de 2025 \u2013 cuando el pueblo ecuatoriano rechaz\u00f3 las cuatro preguntas del Gobierno, incluida la que abr\u00eda la puerta a bases militares extranjeras \u2013 el r\u00e9gimen de Daniel Noboa aceler\u00f3 el ataque a la democracia. En las semanas siguientes despleg\u00f3 una operaci\u00f3n en varios frentes [&hellip;]<\/p>\n","protected":false},"author":416,"featured_media":0,"comment_status":"closed","ping_status":"closed","sticky":false,"template":"","format":"standard","meta":{"_acf_changed":false,"footnotes":""},"categories":[309],"tags":[813,606,1260,607,782,969],"article-type":[626,627],"class_list":["post-12583","post","type-post","status-publish","format-standard","hentry","category-globetrotter-es","tag-derechos-humanos","tag-economia","tag-norteamerica-estados-unidos-trump","tag-politica","tag-sudamerica-ecuador","tag-violencia","article-type-news-es","article-type-opinion-analysis-es"],"acf":[],"_links":{"self":[{"href":"https:\/\/portal.globetrotter.media\/es\/wp-json\/wp\/v2\/posts\/12583","targetHints":{"allow":["GET"]}}],"collection":[{"href":"https:\/\/portal.globetrotter.media\/es\/wp-json\/wp\/v2\/posts"}],"about":[{"href":"https:\/\/portal.globetrotter.media\/es\/wp-json\/wp\/v2\/types\/post"}],"author":[{"embeddable":true,"href":"https:\/\/portal.globetrotter.media\/es\/wp-json\/wp\/v2\/users\/416"}],"replies":[{"embeddable":true,"href":"https:\/\/portal.globetrotter.media\/es\/wp-json\/wp\/v2\/comments?post=12583"}],"version-history":[{"count":0,"href":"https:\/\/portal.globetrotter.media\/es\/wp-json\/wp\/v2\/posts\/12583\/revisions"}],"wp:attachment":[{"href":"https:\/\/portal.globetrotter.media\/es\/wp-json\/wp\/v2\/media?parent=12583"}],"wp:term":[{"taxonomy":"category","embeddable":true,"href":"https:\/\/portal.globetrotter.media\/es\/wp-json\/wp\/v2\/categories?post=12583"},{"taxonomy":"post_tag","embeddable":true,"href":"https:\/\/portal.globetrotter.media\/es\/wp-json\/wp\/v2\/tags?post=12583"},{"taxonomy":"article-type","embeddable":true,"href":"https:\/\/portal.globetrotter.media\/es\/wp-json\/wp\/v2\/article-type?post=12583"}],"curies":[{"name":"wp","href":"https:\/\/api.w.org\/{rel}","templated":true}]}}